{"id":63700,"date":"2019-10-08T07:14:18","date_gmt":"2019-10-08T11:14:18","guid":{"rendered":"https:\/\/linitiative.ca\/International\/symposium-sur-le-culte-judeo-musulman-en-mars-prochain\/"},"modified":"2019-10-08T07:14:18","modified_gmt":"2019-10-08T11:14:18","slug":"symposium-sur-le-culte-judeo-musulman-en-mars-prochain","status":"publish","type":"post","link":"https:\/\/linitiative.ca\/International\/symposium-sur-le-culte-judeo-musulman-en-mars-prochain\/","title":{"rendered":"Symposium sur le culte jud\u00e9o-musulman, en mars prochain"},"content":{"rendered":"<div readability=\"38\">\n<p>Marrakech- Une convention de partenariat relative \u00e0 l\u2019organisation du 1er Symposium international de Marrakech sur la Saintet\u00e9 et le culte jud\u00e9o-musulman au Maroc a \u00e9t\u00e9 sign\u00e9e lundi soir, \u00e0 la Cit\u00e9 ocre, entre la Communaut\u00e9 juive marocaine de la r\u00e9gion Marrakech-Safi et l\u2019Association Al Youssoufia pour le patrimoine, Assamae et le Chant de Dalail Al Khayrate.<\/p>\n<\/div>\n<div readability=\"91\">\n<p>Sign\u00e9e par le pr\u00e9sident de la Communaut\u00e9 juive marocaine de la r\u00e9gion\u00a0Marrakech-Safi, Jacky Kadoch et le pr\u00e9sident de l\u2019association Al Youssoufia, Hajj Ahmed Baltaki, cette convention s\u2019assigne pour objectif de consacrer les valeurs de l\u2019identit\u00e9 commune en vue d\u2019instaurer les principes du vivre en commun dans le cadre des affinit\u00e9s marocaines en mati\u00e8re de traditions, de coutumes et d\u2019acquis h\u00e9rit\u00e9s depuis les temps anciens o\u00f9 r\u00e9gnait un esprit d\u2019interd\u00e9pendance, de fraternit\u00e9, de coop\u00e9ration et d\u2019homog\u00e9n\u00e9it\u00e9, marqu\u00e9 par le patriotisme et la d\u00e9fense de l\u2019unit\u00e9 territoriale.<\/p>\n<p>Ce symposium, qui sera organis\u00e9 du 29 au 31 mars prochain, vise \u00e0 traduire la profondeur du lien de coexistence pacifique continue entre musulmans et juifs marocains et \u00e0 revivifier cet h\u00e9ritage dans une cit\u00e9 mill\u00e9naire qui occupe un statut particulier dans l\u2019imaginaire et l\u2019histoire du Maroc, et qui a servi de bastion \u00e0 la cohabitation et \u00e0 la coexistence culturelle, religieuse et soci\u00e9tale dans un Maroc diversifi\u00e9 et riche par son patrimoine mat\u00e9riel et immat\u00e9riel.<\/p>\n<p>En effet,\u00a0Marrakech\u00a0a accueilli en son sein sacr\u00e9 maintes figures hagiographiques jud\u00e9o-musulmanes dont le culte ne cesse de s\u2019ancrer dans les pratiques spirituelles monoth\u00e9istes.<\/p>\n<p>En accordant \u00e0 ce legs de multiples aspects historiques, sociologiques, folkloristes, \u00e9conomiques, culturels ou autres qui s\u2019y c\u00f4toient dans une symbiose, l\u2019objectif de ce symposium est de reconstituer, ainsi, tous les \u00e9l\u00e9ments qui nourrissent l\u2019attachement \u00e0 une patrie et assurent la perp\u00e9tuation du culte.<\/p>\n<p>Cet \u00e9v\u00e9nement \u0153uvrera, aussi, pour la consolidation de l\u2019identit\u00e9 marocaine et de l\u2019acquis culturel tout en s\u2019opposant \u00e0 la rh\u00e9torique de la violence, de la haine et du terrorisme sous toutes ses formes.<\/p>\n<p>Ce symposium sera l\u2019occasion propice de revenir sur des id\u00e9es, des concepts, des types de saints historiques ou imaginaires, des modalit\u00e9s de leur v\u00e9n\u00e9ration, des coutumes et des croyances concernant le culte des c\u00e9r\u00e9monies pendant la hillulah ou en d\u2019autres occasions durant la Ziyara de saints musulmans en offrant un panorama complet du ph\u00e9nom\u00e8ne hagiographique et ses extensions dans l\u2019espace sacr\u00e9 de la ville.<\/p>\n<p>Cette rencontre permettra, \u00e9galement, de couvrir tous les aspects relatifs au culte des saints jud\u00e9o-musulmans en raison des changements culturels qui se sont produits, soit dans le juda\u00efsme marocain, soit dans le culte musulman.<\/p>\n<\/div>\n<p>Auteur: Mohammed KOURSI<br \/>\n<a href=\"http:\/\/www.mapmarrakech.ma\/fr\/vers-lorganisation-dun-symposium-sur-le-culte-judeo-musulman\/\">Cliquez ici pour lire l&rsquo;article depuis sa source.<\/a><\/p>\n","protected":false},"excerpt":{"rendered":"<p>Marrakech- Une convention de partenariat relative \u00e0 l\u2019organisation du 1er Symposium international de Marrakech sur la Saintet\u00e9 et le culte jud\u00e9o-musulman au Maroc a \u00e9t\u00e9 sign\u00e9e lundi soir, \u00e0 la Cit\u00e9 ocre, entre la Communaut\u00e9 juive marocaine de la r\u00e9gion Marrakech-Safi et l\u2019Association Al Youssoufia pour le patrimoine, Assamae et le Chant de Dalail Al [&hellip;]<\/p>\n","protected":false},"author":1788,"featured_media":0,"comment_status":"closed","ping_status":"closed","sticky":false,"template":"","format":"standard","meta":{"fifu_image_url":"","fifu_image_alt":"","footnotes":""},"categories":[54,76],"tags":[],"class_list":["post-63700","post","type-post","status-publish","format-standard","hentry","category-maroc","category-regions"],"_links":{"self":[{"href":"https:\/\/linitiative.ca\/International\/wp-json\/wp\/v2\/posts\/63700","targetHints":{"allow":["GET"]}}],"collection":[{"href":"https:\/\/linitiative.ca\/International\/wp-json\/wp\/v2\/posts"}],"about":[{"href":"https:\/\/linitiative.ca\/International\/wp-json\/wp\/v2\/types\/post"}],"author":[{"embeddable":true,"href":"https:\/\/linitiative.ca\/International\/wp-json\/wp\/v2\/users\/1788"}],"replies":[{"embeddable":true,"href":"https:\/\/linitiative.ca\/International\/wp-json\/wp\/v2\/comments?post=63700"}],"version-history":[{"count":0,"href":"https:\/\/linitiative.ca\/International\/wp-json\/wp\/v2\/posts\/63700\/revisions"}],"wp:attachment":[{"href":"https:\/\/linitiative.ca\/International\/wp-json\/wp\/v2\/media?parent=63700"}],"wp:term":[{"taxonomy":"category","embeddable":true,"href":"https:\/\/linitiative.ca\/International\/wp-json\/wp\/v2\/categories?post=63700"},{"taxonomy":"post_tag","embeddable":true,"href":"https:\/\/linitiative.ca\/International\/wp-json\/wp\/v2\/tags?post=63700"}],"curies":[{"name":"wp","href":"https:\/\/api.w.org\/{rel}","templated":true}]}}