{"id":63701,"date":"2019-10-08T11:53:20","date_gmt":"2019-10-08T15:53:20","guid":{"rendered":"https:\/\/linitiative.ca\/International\/m-zazou-se-felicite-de-la-cooperation-maroc-ciat\/"},"modified":"2019-10-08T11:53:20","modified_gmt":"2019-10-08T15:53:20","slug":"m-zazou-se-felicite-de-la-cooperation-maroc-ciat","status":"publish","type":"post","link":"https:\/\/linitiative.ca\/International\/m-zazou-se-felicite-de-la-cooperation-maroc-ciat\/","title":{"rendered":"M. Zazou se f\u00e9licite de la coop\u00e9ration Maroc-CIAT"},"content":{"rendered":"<div readability=\"38\">\n<p>Marrakech- Le directeur g\u00e9n\u00e9ral par int\u00e9rim de la Direction g\u00e9n\u00e9rale des imp\u00f4ts (DGI), Khalid Zazou, s\u2019est f\u00e9licit\u00e9 mardi, \u00e0 Marrakech, de la coop\u00e9ration fructueuse liant le Maroc et le Centre inter-am\u00e9ricain des administrations fiscales (CIAT).<\/p>\n<\/div>\n<div readability=\"102\">\n<p>Cette coop\u00e9ration, traduite par la diversit\u00e9 des programmes et des projets initi\u00e9s entre les deux parties, s\u2019est renforc\u00e9e davantage depuis l\u2019adh\u00e9sion en 2017 du Maroc au CIAT en tant que membre associ\u00e9, a-t-il ajout\u00e9 \u00e0 l\u2019ouverture des travaux de la Conf\u00e9rence technique du CIAT (CIAT Morocco 2019), dont le d\u00e9bat porte cette ann\u00e9e sur la relation entre la fiscalit\u00e9 et le d\u00e9veloppement.<\/p>\n<p>Dans ce sens, M. Zazou a fait remarquer que l\u2019administration fiscale marocaine a b\u00e9n\u00e9fici\u00e9 d\u2019une assistance technique de longue dur\u00e9e qui a port\u00e9 sur des th\u00e9matiques d\u2019int\u00e9r\u00eat telles que la conception d\u2019un syst\u00e8me \u00e9lectronique de facture fiscale et la mise en place d\u2019un registre fiscal ainsi qu\u2019une assistance technique de courte dur\u00e9e sur des questions pr\u00e9cises comme celles de la transformation de l\u2019administration fiscale et de la conduite du changement.<\/p>\n<p>La r\u00e9solution des probl\u00e8mes auxquels font face les administrations fiscales des pays passe entre autres par la coop\u00e9ration, l\u2019\u00e9change, le partage d\u2019exp\u00e9riences, l\u2019assistance technique et le d\u00e9veloppement des expertises dans le domaine fiscal, a-t-il ajout\u00e9, relevant que la concurrence et la comp\u00e9titivit\u00e9 qui caract\u00e9risent l\u2019\u00e9conomie mondiale actuelle imposent la mise en \u0153uvre de strat\u00e9gies en ad\u00e9quation avec les d\u00e9fis \u00e0 relever pour ne pas subir les contrecoups d\u2019un monde en pleine mutation.<\/p>\n<p>Apr\u00e8s avoir soulign\u00e9 l\u2019importance de la mise en place de syst\u00e8mes fiscaux efficaces, transparents et \u00e9quitables, M. Zazou a fait remarquer que le renforcement de la mobilisation des ressources int\u00e9rieures ne se r\u00e9sume pas \u00e0 un simple accroissement des recettes, elle suppose aussi la mise en place d\u2019un syst\u00e8me fiscal qui favorise une croissance inclusive et encourage la bonne gouvernance, relevant que les performances des administrations fiscales ne peuvent \u00eatre \u00e0 la hauteur que si elles r\u00e9ussissent \u00e0 assurer une parfaite ad\u00e9quation entre la fiscalit\u00e9 et les exigences constamment renouvel\u00e9es du d\u00e9veloppement et de la croissance \u00e9conomique.<\/p>\n<p>\u00ab\u00a0Les fortes mutations que connait le monde (la globalisation et l\u2019ouverture des march\u00e9s, la num\u00e9risation de l\u2019\u00e9conomie, le passage d\u2019une soci\u00e9t\u00e9 industrielle \u00e0 une soci\u00e9t\u00e9 de connaissance, la mobilit\u00e9 des actifs et des personnes, l\u2019\u00e9mergence de nouveaux mod\u00e8les \u00e9conomiques g\u00e9n\u00e9r\u00e9s par l\u2019essor du num\u00e9rique, l\u2019acc\u00e9l\u00e9ration technologique, la lutte contre l\u2019\u00e9vasion fiscale, la tendance \u00e0 la g\u00e9n\u00e9ralisation des accords bilat\u00e9raux et multilat\u00e9raux) nous invitent \u00e0 jeter un regard critique et objectif sur les dispositifs de nos administrations fiscales afin de relever le d\u00e9fi de l\u2019emploi et de l\u2019investissement, de la comp\u00e9titivit\u00e9 interne et externe sans oublier celui de la protection sociale et de la solidarit\u00e9, facteurs essentiels de la coh\u00e9sion sociale\u00a0\u00bb, a-t-il ajout\u00e9.<\/p>\n<p>Organis\u00e9e jusqu\u2019au 10 octobre courant sous le th\u00e8me \u00ab\u00a0administration fiscale et d\u00e9veloppement\u00a0\u00bb, CIAT Morocco 2019 est ax\u00e9e sur trois th\u00e9matiques \u00e0 savoir la mobilisation des ressources nationales, l\u2019attraction des investissements dans le nouveau contexte de la gouvernance fiscale internationale et l\u2019efficacit\u00e9 de l\u2019administration fiscale pour le d\u00e9veloppement.<\/p>\n<p>Fond\u00e9 en 1967, le CIAT est un organisme public international \u00e0 but non lucratif, qui offre \u00e0 ses membres une plateforme de discussion et d\u2019\u00e9change d\u2019exp\u00e9riences en mati\u00e8re fiscale.<\/p>\n<p>Il comprend actuellement 42 \u00c9tats membres et associ\u00e9s dont 32 \u00c9tats am\u00e9ricains, 5 \u00c9tats europ\u00e9ens, 4 \u00c9tats africains et 1 \u00c9tat asiatique.<\/p>\n<p>La Conf\u00e9rence Technique repr\u00e9sente pour les membres du CIAT, une opportunit\u00e9 de se rassembler et d\u2019\u00e9changer sur diff\u00e9rents aspects li\u00e9s aux questions de la fiscalit\u00e9 nationale, r\u00e9gionale et internationale.<\/p>\n<\/div>\n<p>Auteur: Mohammed KOURSI<br \/>\n<a href=\"http:\/\/www.mapmarrakech.ma\/fr\/m-zazou-se-felicite-de-la-cooperation-maroc-ciat\/\">Cliquez ici pour lire l&rsquo;article depuis sa source.<\/a><\/p>\n","protected":false},"excerpt":{"rendered":"<p>Marrakech- Le directeur g\u00e9n\u00e9ral par int\u00e9rim de la Direction g\u00e9n\u00e9rale des imp\u00f4ts (DGI), Khalid Zazou, s\u2019est f\u00e9licit\u00e9 mardi, \u00e0 Marrakech, de la coop\u00e9ration fructueuse liant le Maroc et le Centre inter-am\u00e9ricain des administrations fiscales (CIAT). Cette coop\u00e9ration, traduite par la diversit\u00e9 des programmes et des projets initi\u00e9s entre les deux parties, s\u2019est renforc\u00e9e davantage depuis [&hellip;]<\/p>\n","protected":false},"author":1788,"featured_media":0,"comment_status":"closed","ping_status":"closed","sticky":false,"template":"","format":"standard","meta":{"fifu_image_url":"","fifu_image_alt":"","footnotes":""},"categories":[54,76],"tags":[],"class_list":["post-63701","post","type-post","status-publish","format-standard","hentry","category-maroc","category-regions"],"_links":{"self":[{"href":"https:\/\/linitiative.ca\/International\/wp-json\/wp\/v2\/posts\/63701","targetHints":{"allow":["GET"]}}],"collection":[{"href":"https:\/\/linitiative.ca\/International\/wp-json\/wp\/v2\/posts"}],"about":[{"href":"https:\/\/linitiative.ca\/International\/wp-json\/wp\/v2\/types\/post"}],"author":[{"embeddable":true,"href":"https:\/\/linitiative.ca\/International\/wp-json\/wp\/v2\/users\/1788"}],"replies":[{"embeddable":true,"href":"https:\/\/linitiative.ca\/International\/wp-json\/wp\/v2\/comments?post=63701"}],"version-history":[{"count":0,"href":"https:\/\/linitiative.ca\/International\/wp-json\/wp\/v2\/posts\/63701\/revisions"}],"wp:attachment":[{"href":"https:\/\/linitiative.ca\/International\/wp-json\/wp\/v2\/media?parent=63701"}],"wp:term":[{"taxonomy":"category","embeddable":true,"href":"https:\/\/linitiative.ca\/International\/wp-json\/wp\/v2\/categories?post=63701"},{"taxonomy":"post_tag","embeddable":true,"href":"https:\/\/linitiative.ca\/International\/wp-json\/wp\/v2\/tags?post=63701"}],"curies":[{"name":"wp","href":"https:\/\/api.w.org\/{rel}","templated":true}]}}