{"id":63702,"date":"2019-10-08T12:17:08","date_gmt":"2019-10-08T16:17:08","guid":{"rendered":"https:\/\/linitiative.ca\/International\/conseil-regional-adoption-du-projet-de-budget-2020\/"},"modified":"2019-10-08T12:17:08","modified_gmt":"2019-10-08T16:17:08","slug":"conseil-regional-adoption-du-projet-de-budget-2020","status":"publish","type":"post","link":"https:\/\/linitiative.ca\/International\/conseil-regional-adoption-du-projet-de-budget-2020\/","title":{"rendered":"Conseil r\u00e9gional: Adoption du projet de budget 2020"},"content":{"rendered":"<div readability=\"37\">\n<p>Marrakech- Le Conseil r\u00e9gional de Marrakech-Safi a approuv\u00e9, lundi, lors de sa session ordinaire du mois d\u2019octobre, son projet de budget au titre de l\u2019exercice 2020 et adopt\u00e9 plusieurs conventions de partenariat et de coop\u00e9ration.<\/p>\n<\/div>\n<div readability=\"76\">\n<p>Ainsi, le Conseil a adopt\u00e9 le projet de la convention r\u00e9gionale relative au plan directeur des zones logistiques dans la r\u00e9gion\u00a0Marrakech-Safi, la convention de partenariat pour l\u2019accompagnement des entreprises r\u00e9gionales \u00e9mergentes entre la r\u00e9gion\u00a0Marrakech-Safi et l\u2019association \u00ab\u00a0Gazelles Maroc\u00a0\u00bb, et la convention de partenariat relative \u00e0 l\u2019am\u00e9lioration d\u2019acc\u00e8s \u00e0 la station sportive et de loisirs d\u2019Oukaimden et la valorisation du site arch\u00e9ologique Ighoud (Province de Youssoufia).<\/p>\n<p>Les membres du Conseil ont approuv\u00e9, aussi, les projets de convention th\u00e9matique pour la cr\u00e9ation d\u2019un centre de formation professionnelle \u00e0 Ait Aourir entre la r\u00e9gion\u00a0Marrakech-Safi, la province d\u2019Al Haouz, l\u2019Office de la formation professionnelle et de la promotion du travail (OFPPT) et la commune d\u2019Ait Aourir et la convention-cadre de partenariat et de coop\u00e9ration entre la r\u00e9gion\u00a0Marrakech-Safi et l\u2019Universit\u00e9 priv\u00e9e de\u00a0Marrakech\u00a0sur l\u2019action commune pour le d\u00e9veloppement socio-\u00e9conomique et culturel de la r\u00e9gion.<\/p>\n<p>Lors de cette session, les projets de convention pour la cr\u00e9ation du groupe des collectivit\u00e9s territoriales \u00ab\u00a0Marrakech\u00a0transport\u00a0\u00bb pour la gestion du transport urbain et p\u00e9riurbain dans la r\u00e9gion\u00a0Marrakech-Safi et la convention-cadre entre le conseil de la r\u00e9gion\u00a0Marrakech-Safi et le conseil provincial Oued-Eddahab pour le renforcement des comp\u00e9tences des fonctionnaires et des \u00e9lus et l\u2019\u00e9change des expertises, ont \u00e9t\u00e9 \u00e9galement approuv\u00e9s.<\/p>\n<p>Dans le volet culturel, le Conseil a adopt\u00e9 les projets de conventions de partenariat pour la cr\u00e9ation d\u2019une salle de conf\u00e9rence au complexe culturel int\u00e9gr\u00e9 \u00e0 Benguerir et pour l\u2019organisation de la manifestation\u00a0Marrakech-2020, capitale africaine de la culture, et de la convention-cadre relative \u00e0 la cr\u00e9ation d\u2019une cit\u00e9 des arts \u00e0\u00a0Marrakech, ainsi que la convention de partenariat pour l\u2019\u00e9laboration d\u2019une \u00e9tude autour des itin\u00e9raires culturels et spirituels dans la r\u00e9gion\u00a0Marrakech-Safi.<\/p>\n<p>S\u2019agissant du secteur de la sant\u00e9, le Conseil a approuv\u00e9 le projet de convention-cadre entre la r\u00e9gion\u00a0Marrakech-safi et la F\u00e9d\u00e9ration des associations des centres de transfusion sanguine et la Direction r\u00e9gionale de la sant\u00e9, le projet de convention de partenariat pour la construction et l\u2019\u00e9quipement d\u2019une pharmacie provinciale relevant de la Direction provinciale de la sant\u00e9 \u00e0 Kal\u00e2a des Sraghna, et le projet d\u2019une annexe d\u2019amendement d\u2019une convention de partenariat conclue entre le minist\u00e8re de la sant\u00e9 et la r\u00e9gion\u00a0Marrakech-Safi pour l\u2019\u00e9laboration de la premi\u00e8re tranche du SAMU r\u00e9gional\u00a0Marrakech-Safi.<\/p>\n<p>Cette rencontre a \u00e9t\u00e9 marqu\u00e9e par la pr\u00e9sentation d\u2019un rapport sur les activit\u00e9s de la pr\u00e9sidence du conseil r\u00e9gional et d\u2019expos\u00e9s sur le Plan du d\u00e9veloppement r\u00e9gional (PDR) de la r\u00e9gion\u00a0Marrakech-Safi 2017-2019 et le programme de r\u00e9duction des disparit\u00e9s sociales en milieu rural et dans les zones montagneuses.<\/p>\n<\/div>\n<p>Auteur: Mohammed KOURSI<br \/>\n<a href=\"http:\/\/www.mapmarrakech.ma\/fr\/conseil-regional-adoption-du-projet-de-budget-2020\/\">Cliquez ici pour lire l&rsquo;article depuis sa source.<\/a><\/p>\n","protected":false},"excerpt":{"rendered":"<p>Marrakech- Le Conseil r\u00e9gional de Marrakech-Safi a approuv\u00e9, lundi, lors de sa session ordinaire du mois d\u2019octobre, son projet de budget au titre de l\u2019exercice 2020 et adopt\u00e9 plusieurs conventions de partenariat et de coop\u00e9ration. Ainsi, le Conseil a adopt\u00e9 le projet de la convention r\u00e9gionale relative au plan directeur des zones logistiques dans la [&hellip;]<\/p>\n","protected":false},"author":1788,"featured_media":0,"comment_status":"closed","ping_status":"closed","sticky":false,"template":"","format":"standard","meta":{"fifu_image_url":"","fifu_image_alt":"","footnotes":""},"categories":[54,76],"tags":[],"class_list":["post-63702","post","type-post","status-publish","format-standard","hentry","category-maroc","category-regions"],"_links":{"self":[{"href":"https:\/\/linitiative.ca\/International\/wp-json\/wp\/v2\/posts\/63702","targetHints":{"allow":["GET"]}}],"collection":[{"href":"https:\/\/linitiative.ca\/International\/wp-json\/wp\/v2\/posts"}],"about":[{"href":"https:\/\/linitiative.ca\/International\/wp-json\/wp\/v2\/types\/post"}],"author":[{"embeddable":true,"href":"https:\/\/linitiative.ca\/International\/wp-json\/wp\/v2\/users\/1788"}],"replies":[{"embeddable":true,"href":"https:\/\/linitiative.ca\/International\/wp-json\/wp\/v2\/comments?post=63702"}],"version-history":[{"count":0,"href":"https:\/\/linitiative.ca\/International\/wp-json\/wp\/v2\/posts\/63702\/revisions"}],"wp:attachment":[{"href":"https:\/\/linitiative.ca\/International\/wp-json\/wp\/v2\/media?parent=63702"}],"wp:term":[{"taxonomy":"category","embeddable":true,"href":"https:\/\/linitiative.ca\/International\/wp-json\/wp\/v2\/categories?post=63702"},{"taxonomy":"post_tag","embeddable":true,"href":"https:\/\/linitiative.ca\/International\/wp-json\/wp\/v2\/tags?post=63702"}],"curies":[{"name":"wp","href":"https:\/\/api.w.org\/{rel}","templated":true}]}}