{"id":63703,"date":"2019-10-08T12:33:06","date_gmt":"2019-10-08T16:33:06","guid":{"rendered":"https:\/\/linitiative.ca\/International\/vincent-abadie-hafez-expose-ses-oeuvres-a-marrakech\/"},"modified":"2019-10-08T12:33:06","modified_gmt":"2019-10-08T16:33:06","slug":"vincent-abadie-hafez-expose-ses-oeuvres-a-marrakech","status":"publish","type":"post","link":"https:\/\/linitiative.ca\/International\/vincent-abadie-hafez-expose-ses-oeuvres-a-marrakech\/","title":{"rendered":"Vincent Abadie Hafez expose ses oeuvres \u00e0 Marrakech"},"content":{"rendered":"<div readability=\"36\">\n<p>Marrakech- La ville de Marrakech abrite jusqu\u2019au 2 novembre prochain \u00e0 la galerie David Bloch, l\u2019exposition \u00ab\u00a0Hors sol\u00a0\u00bb du plasticien fran\u00e7ais Vincent Abadie Hafez, l\u2019un des fondateurs de la calligraphie urbaine.<\/p>\n<\/div>\n<div readability=\"167\">\n<p>Dans une chor\u00e9graphie \u00e0 l\u2019aisance virtuose, Vincent Abadie Hafez \u00ab\u00a0Zepha\u00a0\u00bb compose une partition rituelle d\u00e9livrant la lettre de son carcan\u00a0s\u00e9miotique pour n\u2019en conserver que l\u2019essence d\u2019une esth\u00e9tique, la port\u00e9e transculturelle d\u2019un signe. L\u2019entrelace de caract\u00e8res aux origines\u00a0m\u00e9tiss\u00e9es structure une multiplicit\u00e9 de contrastes. Logique formelle et confusion des lignes, pragmatisme et gestuelle instinctive, le point\u00a0d\u2019ancrage s\u2019incarne dans le mouvement et l\u2019abstraction qui en \u00e9merge.<\/p>\n<p>L\u2019ensemble d\u00e9ploie une rythmique concentr\u00e9e, dynamis\u00e9e par des\u00a0espaces r\u00e9guliers, des respirations silencieuses parfois m\u00eame insoup\u00e7onn\u00e9es, r\u00e9v\u00e9lant une oeuvre exigeante.\u00a0Le geste est\u00a0technique, l\u00e9gataire de pratiques calligraphiques ancestrales et s\u2019enrichit d\u2019une contextualisation urbaine, contrastante et inattendue mais\u00a0tellement essentielle pour l\u2019artiste.<\/p>\n<p>La ville, entit\u00e9 d\u00e9sormais rompue aux exp\u00e9rimentations artistiques plurielles, propose une mise en sc\u00e8ne parfois monumentale \u00e0 cette\u00a0\u00e9criture du ressenti. L\u2019effet d\u2019\u00e9chelle fait honneur \u00e0 l\u2019une des composantes fondatrices du processus cr\u00e9atif: la r\u00e9gularit\u00e9 du geste, la\u00a0constance du caract\u00e8re, converti en symboles picturaux \u00e0 intervalle fixe.<\/p>\n<p>Ancr\u00e9es dans un environnement de l\u2019ordinaire, les fresques de \u00ab\u00a0Zepha\u00a0\u00bb tirent profit des ressources inh\u00e9rentes \u00e0 ce m\u00e9dium d\u2019expression qu\u2019il affectionne depuis ses d\u00e9buts, gr\u00e2ce aux interactions spontan\u00e9es qu\u2019il\u00a0provoque.<\/p>\n<p>L\u2019\u00e9crit conserve la trace, l\u2019implantation urbaine en d\u00e9cuple la dimension \u00e9ph\u00e9m\u00e8re. Ce paradoxe secondaire est exploit\u00e9 parall\u00e8lement \u00e0\u00a0travers la cr\u00e9ation d\u2019oeuvres \u00ab\u00a0palimpsestes\u00a0\u00bb, n\u00e9cessitant l\u2019intervention du spectateur pour d\u00e9voiler la cr\u00e9ation de l\u2019artiste, en \u00e9raflant une couche de latex appos\u00e9e en sur-\u00e9paisseur.<\/p>\n<p>L\u2019usure, la d\u00e9gradation, les stigmates du temps inflig\u00e9s \u00e0 l\u2019oeuvre, font d\u00e8s lors \u00e9cho \u00e0 la pratique\u00a0originelle de l\u2019artiste, le graffiti, en procurant toutefois une r\u00e9flexion implicite \u00e9voquant l\u2019impact de l\u2019homme sur l\u2019espace et le temps et plus\u00a0largement son r\u00f4le \u00e0 jouer dans l\u2019\u00e9volution des rapports interpersonnels dans les soci\u00e9t\u00e9s contemporaines.<\/p>\n<p>\u00ab\u00a0Dans une continuit\u00e9 et comme un \u00e9cho de la derni\u00e8re exposition +Urban Jealousy+ en 2017, je me suis fait architecte d\u2019une cit\u00e9 moderne\u00a0envahie par un flux binaire, transperc\u00e9e d\u2019ondes et d\u2019algorithmes. Chef d\u2019orchestre organisant les bruits sourds de fragments de lettres, ces\u00a0proto-alphabets d\u00e9form\u00e9s par l\u2019acc\u00e9l\u00e9ration que subissent nos ensembles urbains et leurs habitants, j\u2019ai tent\u00e9 d\u2019arr\u00eater sur la toile ce\u00a0mouvement exponentiel et de fixer en peinture cette vitesse\u00a0\u00bb, explique l\u2019artiste dans un communiqu\u00e9.<\/p>\n<p>\u00ab\u00a0En r\u00e9sulte des \u0153uvres sur toile o\u00f9 transpara\u00eet un chaos rempli de paradoxes, d\u2019o\u00f9 explose la vitesse et le mouvement, \u00e0 l\u2019image d\u2019une soci\u00e9t\u00e9\u00a0globalis\u00e9e et coup\u00e9e du rythme lent de la nature, une cit\u00e9 en proie aux illusions d\u2019un monde techno futuriste\u00a0\u00bb, a dit \u00ab\u00a0Zepha\u00a0\u00bb.<\/p>\n<p>\u00ab\u00a0A l\u2019heure o\u00f9 l\u2019ensemble de l\u2019Humanit\u00e9 prend conscience qu\u2019elle ne fait qu\u2019un avec l\u2019ensemble de la biosph\u00e8re et du vivant, l\u2019exposition \u00ab\u00a0Hors-Sol\u00a0\u00bb est une all\u00e9gorie de cette acc\u00e9l\u00e9ration et interroge nos positions et trajectoires: mais o\u00f9 allons nous si vite?\u00a0\u00bb, a-t-il ajout\u00e9.<\/p>\n<p>Soumettant un dialogue\u00a0authentique entre la conservation d\u2019arts ancestraux (calligraphie traditionnelle, gravure \u00e0 l\u2019eau forte, marqueterie) mis en relief par une\u00a0approche actuelle et populaire, sa d\u00e9marche fait sens dans la diffusion d\u2019un h\u00e9ritage trans-civilisationnel, terreau fertile \u00e0 la construction d\u2019un\u00a0avenir o\u00f9 il est permis de r\u00eaver, d\u2019avoir foi en l\u2019Homme et en son aptitude \u00e0 d\u00e9passer les clivages.<\/p>\n<p>Artiste nomade, il trouve reconnaissance et respect aupr\u00e8s des fondateurs de la calligraphie urbaine et prend part \u00e0 des rendez-vous\u00a0incontournables de la sc\u00e8ne artistique internationale.<\/p>\n<p>L\u2019imbrication des caract\u00e8res arabes et latins \u00e9crivent les pr\u00e9misses d\u2019une histoire collective, d\u2019un langage atemporel, d\u2019une abstraction \u00e0\u00a0int\u00e9rioriser. Nos alphabets si disparates soient-ils, d\u00e9tiennent une port\u00e9e f\u00e9d\u00e9ratrice, transcendant les origines de chacun. Calligraphier pour\u00a0unir, l\u2019oeuvre de \u00ab\u00a0Zepha\u00a0\u00bb est impr\u00e9gn\u00e9e de ses valeurs comme une incantation \u00e0 l\u2019universel, un humanisme contemporain induit par le pouvoir\u00a0du signe, fondement commun des civilisations, r\u00e9v\u00e9l\u00e9 par un art d\u00e9passant toutes fronti\u00e8res, toutes alt\u00e9rit\u00e9s.<\/p>\n<p>N\u00e9 en 1977, Vincent Abadie Hafez est un artiste fran\u00e7ais qui vit et travaille \u00e0 Toulouse. Il prend part au mouvement graffiti d\u00e8s 1989, sous le pseudonyme de \u00ab\u00a0Zepha\u00a0\u00bb. Form\u00e9 aux arts graphiques, il enrichit sa pratique en se consacrant \u00e0 l\u2019apprentissage des techniques calligraphiques traditionnelles, portant notamment son attention sur les interactions plastiques des styles orientaux et occidentaux.<\/p>\n<p>Influenc\u00e9 par les travaux d\u2019Hassan Massoudy et de Georges Mathieu, il d\u00e9veloppera un langage visuel singulier \u00e0 travers ses recherches sur la d\u00e9construction de la lettre et la port\u00e9e transculturelle des signes.<\/p>\n<p>Reconnu comme l\u2019un des fondateurs de la calligraphie urbaine, il participe \u00e0 la diffusion d\u2019une esth\u00e9tique nouvelle, en rupture avec les formes picturales jusque l\u00e0 explor\u00e9es dans les \u00e9critures vandales.<\/p>\n<p>Ses compositions abstraites, m\u00e9thodiques et condens\u00e9es prennent place dans l\u2019espace public \u00e0 travers des \u0153uvres murales monumentales en Europe et au Moyen-Orient.<\/p>\n<p>L\u2019expression gestuelle et la notion de mouvement sont deux ancrages fondamentaux du processus cr\u00e9atif qu\u2019il poursuit parall\u00e8lement dans son travail d\u2019atelier. Reliant le formel au spirituel, son \u0153uvre d\u00e9construit les r\u00e9f\u00e9rents et se lit comme une source \u00e9clairante, \u00e9loge d\u2019une pens\u00e9e universaliste d\u00e9laiss\u00e9e.<\/p>\n<\/div>\n<p>Auteur: Mohammed KOURSI<br \/>\n<a href=\"http:\/\/www.mapmarrakech.ma\/fr\/vincent-abadie-hafez-expose-ses-oeuvres-a-marrakech\/\">Cliquez ici pour lire l&rsquo;article depuis sa source.<\/a><\/p>\n","protected":false},"excerpt":{"rendered":"<p>Marrakech- La ville de Marrakech abrite jusqu\u2019au 2 novembre prochain \u00e0 la galerie David Bloch, l\u2019exposition \u00ab\u00a0Hors sol\u00a0\u00bb du plasticien fran\u00e7ais Vincent Abadie Hafez, l\u2019un des fondateurs de la calligraphie urbaine. Dans une chor\u00e9graphie \u00e0 l\u2019aisance virtuose, Vincent Abadie Hafez \u00ab\u00a0Zepha\u00a0\u00bb compose une partition rituelle d\u00e9livrant la lettre de son carcan\u00a0s\u00e9miotique pour n\u2019en conserver que [&hellip;]<\/p>\n","protected":false},"author":1788,"featured_media":0,"comment_status":"closed","ping_status":"closed","sticky":false,"template":"","format":"standard","meta":{"fifu_image_url":"","fifu_image_alt":"","footnotes":""},"categories":[54,76],"tags":[],"class_list":["post-63703","post","type-post","status-publish","format-standard","hentry","category-maroc","category-regions"],"_links":{"self":[{"href":"https:\/\/linitiative.ca\/International\/wp-json\/wp\/v2\/posts\/63703","targetHints":{"allow":["GET"]}}],"collection":[{"href":"https:\/\/linitiative.ca\/International\/wp-json\/wp\/v2\/posts"}],"about":[{"href":"https:\/\/linitiative.ca\/International\/wp-json\/wp\/v2\/types\/post"}],"author":[{"embeddable":true,"href":"https:\/\/linitiative.ca\/International\/wp-json\/wp\/v2\/users\/1788"}],"replies":[{"embeddable":true,"href":"https:\/\/linitiative.ca\/International\/wp-json\/wp\/v2\/comments?post=63703"}],"version-history":[{"count":0,"href":"https:\/\/linitiative.ca\/International\/wp-json\/wp\/v2\/posts\/63703\/revisions"}],"wp:attachment":[{"href":"https:\/\/linitiative.ca\/International\/wp-json\/wp\/v2\/media?parent=63703"}],"wp:term":[{"taxonomy":"category","embeddable":true,"href":"https:\/\/linitiative.ca\/International\/wp-json\/wp\/v2\/categories?post=63703"},{"taxonomy":"post_tag","embeddable":true,"href":"https:\/\/linitiative.ca\/International\/wp-json\/wp\/v2\/tags?post=63703"}],"curies":[{"name":"wp","href":"https:\/\/api.w.org\/{rel}","templated":true}]}}