{"id":63704,"date":"2019-10-08T08:36:24","date_gmt":"2019-10-08T12:36:24","guid":{"rendered":"https:\/\/linitiative.ca\/International\/nouveau-stade-doran-reception-en-mars-prochain-de-la-pelouse\/"},"modified":"2019-10-08T08:36:24","modified_gmt":"2019-10-08T12:36:24","slug":"nouveau-stade-doran-reception-en-mars-prochain-de-la-pelouse","status":"publish","type":"post","link":"https:\/\/linitiative.ca\/International\/nouveau-stade-doran-reception-en-mars-prochain-de-la-pelouse\/","title":{"rendered":"Nouveau stade d&rsquo;Oran : r\u00e9ception en mars prochain de la pelouse"},"content":{"rendered":"<div readability=\"35\">\n<p><strong>ORAN- La pelouse du stade de 40.000 places relevant du complexe sportif en cours de r\u00e9alisation \u00e0 Oran sera r\u00e9ceptionn\u00e9e en mars 2020, a indiqu\u00e9 mardi le responsable de la start-up franco-alg\u00e9rienne \u00ab\u00a0Natural Grass\u00a0\u00bb charg\u00e9e des travaux.<\/strong><\/p>\n<\/div>\n<div readability=\"86\">\n<p>\u00ab\u00a0L&rsquo;op\u00e9ration de semence sera lanc\u00e9e en novembre prochain pour que la r\u00e9ception finale de la pelouse ait lieu en mars 2020. Ce sont des engagements qu&rsquo;on a pris avec le ma\u00eetre d&rsquo;ouvrage et qu&rsquo;on tient \u00e0 honorer&rsquo;, a d\u00e9clar\u00e9 \u00e0 l&rsquo;APS le premier responsable de \u00ab\u00a0Natural Grass\u00a0\u00bb, Farid Bousa\u00e2d.<\/p>\n<p>Il s&rsquo;agit d&rsquo;une pelouse hybride AirFibr, \u00ab\u00a0une technologie unique de pelouse hybride destin\u00e9e aux terrains de football et rugby de haut niveau ainsi qu&rsquo;aux grands stades sportifs\u00a0\u00bb, a signal\u00e9 la m\u00eame source.<\/p>\n<p>N\u00e9anmoins, l&rsquo;op\u00e9ration accuse un retard sensible, alors que l&rsquo;entreprise en question est install\u00e9e depuis plus d&rsquo;une ann\u00e9e. Une situation qui a suscit\u00e9 la col\u00e8re du nouveau wali d&rsquo;Oran lors d&rsquo;une r\u00e9cente visite d&rsquo;inspection sur les lieux.<\/p>\n<blockquote readability=\"11\">\n<p><em><strong>\u00ab\u00a0Nous ne sommes pas responsables de ce retard. On fait face \u00e0 plusieurs obstacles, notamment d&rsquo;ordre financier, qui ont influ\u00e9 sur la bonne marche des travaux\u00a0\u00bb, a d\u00e9clar\u00e9 M. Bousa\u00e2d, dont l&rsquo;entreprise a \u00e9galement \u00e9t\u00e9 charg\u00e9e de l&rsquo;entretien de la nouvelle pelouse du stade d&rsquo;Oran.<\/strong><\/em><\/p>\n<\/blockquote>\n<p>Rappelant que \u00ab\u00a0Natural Grass\u00a0\u00bb a r\u00e9alis\u00e9 les pelouses de plusieurs stades en France (Saint-Etienne, Angers, Lille, Toulouse et Metz, entre autres), il a aussi fait savoir que son entreprise a con\u00e7u les terrains d&rsquo;entra\u00eenement du Real Madrid (Espagne) et d&rsquo;Arsenal (Angleterre).<\/p>\n<p>Natural Grass, qui a \u00e9galement remport\u00e9 l&rsquo;appel d&rsquo;offre inh\u00e9rent \u00e0 la r\u00e9alisation de la pelouse du nouveau stade de Tizi Ouzou (50.000 places) en cours de construction, fournira au stade d&rsquo;Oran, quatre pelouses hybrides AirFibr, deux pelouses en gazon naturel et trois pistes d&rsquo;athl\u00e9tisme, a pr\u00e9cis\u00e9 son patron.<\/p>\n<p>Le stade de football de 40.000 places constitue la premi\u00e8re tranche du complexe sportif implant\u00e9 dans la commune de Bir El Djir et qui comporte, entre autres, un stade d&rsquo;athl\u00e9tisme de 4.200 places, une salle omnisports de 6.000 places et un centre nautique dot\u00e9 de deux piscines olympiques (une non couverte) et une autre semi-olympique.<\/p>\n<p>Cette importante infrastructure, dont les travaux ont \u00e9t\u00e9 lanc\u00e9s en 2008 et devront prendre fin en juin 2020, sera l&rsquo;un des principaux th\u00e9\u00e2tres de la 19e \u00e9dition des Jeux m\u00e9diterran\u00e9ens qu&rsquo;accueillera Oran du 25 juin au 5 juillet 2021, rappelle-t-on.<\/p>\n<\/div>\n<p>Auteur:<br \/>\n<a href=\"http:\/\/www.aps.dz\/regions\/95380-nouveau-stade-d-oran-reception-en-mars-prochain-de-la-pelouse\">Cliquez ici pour lire l&rsquo;article depuis sa source.<\/a><\/p>\n","protected":false},"excerpt":{"rendered":"<p>ORAN- La pelouse du stade de 40.000 places relevant du complexe sportif en cours de r\u00e9alisation \u00e0 Oran sera r\u00e9ceptionn\u00e9e en mars 2020, a indiqu\u00e9 mardi le responsable de la start-up franco-alg\u00e9rienne \u00ab\u00a0Natural Grass\u00a0\u00bb charg\u00e9e des travaux. \u00ab\u00a0L&rsquo;op\u00e9ration de semence sera lanc\u00e9e en novembre prochain pour que la r\u00e9ception finale de la pelouse ait lieu [&hellip;]<\/p>\n","protected":false},"author":1790,"featured_media":0,"comment_status":"closed","ping_status":"closed","sticky":false,"template":"","format":"standard","meta":{"fifu_image_url":"","fifu_image_alt":"","footnotes":""},"categories":[53,76],"tags":[],"class_list":["post-63704","post","type-post","status-publish","format-standard","hentry","category-algerie","category-regions"],"_links":{"self":[{"href":"https:\/\/linitiative.ca\/International\/wp-json\/wp\/v2\/posts\/63704","targetHints":{"allow":["GET"]}}],"collection":[{"href":"https:\/\/linitiative.ca\/International\/wp-json\/wp\/v2\/posts"}],"about":[{"href":"https:\/\/linitiative.ca\/International\/wp-json\/wp\/v2\/types\/post"}],"author":[{"embeddable":true,"href":"https:\/\/linitiative.ca\/International\/wp-json\/wp\/v2\/users\/1790"}],"replies":[{"embeddable":true,"href":"https:\/\/linitiative.ca\/International\/wp-json\/wp\/v2\/comments?post=63704"}],"version-history":[{"count":0,"href":"https:\/\/linitiative.ca\/International\/wp-json\/wp\/v2\/posts\/63704\/revisions"}],"wp:attachment":[{"href":"https:\/\/linitiative.ca\/International\/wp-json\/wp\/v2\/media?parent=63704"}],"wp:term":[{"taxonomy":"category","embeddable":true,"href":"https:\/\/linitiative.ca\/International\/wp-json\/wp\/v2\/categories?post=63704"},{"taxonomy":"post_tag","embeddable":true,"href":"https:\/\/linitiative.ca\/International\/wp-json\/wp\/v2\/tags?post=63704"}],"curies":[{"name":"wp","href":"https:\/\/api.w.org\/{rel}","templated":true}]}}