{"id":63705,"date":"2019-10-08T11:12:14","date_gmt":"2019-10-08T15:12:14","guid":{"rendered":"https:\/\/linitiative.ca\/International\/tizi-ouzou-demantelement-dune-bande-de-trafic-de-corail-et-saisie-de-plus-de-59-kilos-de-coraux\/"},"modified":"2019-10-08T11:12:14","modified_gmt":"2019-10-08T15:12:14","slug":"tizi-ouzou-demantelement-dune-bande-de-trafic-de-corail-et-saisie-de-plus-de-59-kilos-de-coraux","status":"publish","type":"post","link":"https:\/\/linitiative.ca\/International\/tizi-ouzou-demantelement-dune-bande-de-trafic-de-corail-et-saisie-de-plus-de-59-kilos-de-coraux\/","title":{"rendered":"Tizi-Ouzou : d\u00e9mant\u00e8lement d\u2019une bande de trafic de corail et saisie de plus de 59 kilos de coraux"},"content":{"rendered":"<p><span class=\"sp-nh-title\">Agriculture : cr\u00e9ation d&rsquo;une cellule d&rsquo;\u00e9coute et d&rsquo;accompagnement des jeunes innovateurs<\/span> &#8211; <span class=\"sp-nh-date\">mardi 8 octobre 2019 19:15<\/span><\/p>\n<p><span class=\"sp-nh-title\">Djellab s&rsquo;entretient avec son homologue tunisien sur la coop\u00e9ration et le partenariat \u00e9conomique bilat\u00e9ral<\/span> &#8211; <span class=\"sp-nh-date\">mardi 8 octobre 2019 19:08<\/span><\/p>\n<p><span class=\"sp-nh-title\">Alger: des \u00e9coliers r\u00e9unis pour une journ\u00e9e de sensibilisation contre la pollution plastique<\/span> &#8211; <span class=\"sp-nh-date\">mardi 8 octobre 2019 19:07<\/span><\/p>\n<p><span class=\"sp-nh-title\">Mostaganem : suspension du P\/APC d&rsquo;Ain Sidi Cherif<\/span> &#8211; <span class=\"sp-nh-date\">mardi 8 octobre 2019 19:04<\/span><\/p>\n<p><span class=\"sp-nh-title\">Revade 2019: Conna\u00eetre les nouveaut\u00e9s en techniques de recyclage des d\u00e9chets<\/span> &#8211; <span class=\"sp-nh-date\">mardi 8 octobre 2019 18:50<\/span><\/p>\n<p><span class=\"sp-nh-title\">Convention de coop\u00e9ration entre RAKM Conseil et l&rsquo;Ecole canadienne de l&rsquo;administration publique\u00a0<\/span> &#8211; <span class=\"sp-nh-date\">mardi 8 octobre 2019 18:50<\/span><\/p>\n<p><span class=\"sp-nh-title\">Enseignement sup\u00e9rieur: un jumelage institutionnel entre l&rsquo;Alg\u00e9rie et l&rsquo;Espagne<\/span> &#8211; <span class=\"sp-nh-date\">mardi 8 octobre 2019 18:37<\/span><\/p>\n<p><span class=\"sp-nh-title\">Djellab: la ZLECAF profitera \u00e0 l&rsquo;Alg\u00e9rie pour peu que les initiatives soient lib\u00e9r\u00e9es<\/span> &#8211; <span class=\"sp-nh-date\">mardi 8 octobre 2019 18:26<\/span><\/p>\n<p><span class=\"sp-nh-title\">Mila : cr\u00e9ation d\u2019un atelier d\u2019art destin\u00e9 aux enfants autistes<\/span> &#8211; <span class=\"sp-nh-date\">mardi 8 octobre 2019 18:07<\/span><\/p>\n<p><span class=\"sp-nh-title\">Constantine : coup d\u2019envoi d\u2019une caravane de sensibilisation pour pr\u00e9venir les risques d\u2019inondations<\/span> &#8211; <span class=\"sp-nh-date\">mardi 8 octobre 2019 17:43<\/span><\/p>\n<p><span class=\"sp-nh-title\">Belmadi : la RD Congo et la Colombie, deux adversaires de bon niveau pour l&rsquo;Alg\u00e9rie<\/span> &#8211; <span class=\"sp-nh-date\">mardi 8 octobre 2019 17:39<\/span><\/p>\n<p><span class=\"sp-nh-title\">Le ministre des Affaires \u00e9trang\u00e8res turc en visite, mardi et mercredi, \u00e0 Alger<\/span> &#8211; <span class=\"sp-nh-date\">mardi 8 octobre 2019 17:37<\/span><\/p>\n<p><span class=\"sp-nh-title\">L\u2019Autorit\u00e9 nationale ind\u00e9pendante des \u00e9lections, d\u00e9but d\u2019une Alg\u00e9rie nouvelle<\/span> &#8211; <span class=\"sp-nh-date\">mardi 8 octobre 2019 17:31<\/span><\/p>\n<p><span class=\"sp-nh-title\">Sahara occidental: le MRAP appelle \u00e0 une large participation au rassemblement de Paris<\/span> &#8211; <span class=\"sp-nh-date\">mardi 8 octobre 2019 17:26<\/span><\/p>\n<p><span class=\"sp-nh-title\">Des experts europ\u00e9ens \u00e0 Bouira pour promouvoir le r\u00f4le de la femme rurale dans la fili\u00e8re ol\u00e9icole<\/span> &#8211; <span class=\"sp-nh-date\">mardi 8 octobre 2019 17:18<\/span><\/p>\n<p><span class=\"sp-nh-title\">Miliana : comm\u00e9moration du 62\u00e8me anniversaire de la mort d\u2019Ali la Pointe<\/span> &#8211; <span class=\"sp-nh-date\">mardi 8 octobre 2019 17:11<\/span><\/p>\n<p><span class=\"sp-nh-title\">Salon international des \u00e9nergies renouvelables du 21 au 23 octobre \u00e0 Oran<\/span> &#8211; <span class=\"sp-nh-date\">mardi 8 octobre 2019 17:06<\/span><\/p>\n<p><span class=\"sp-nh-title\">R\u00e9pression brutale d&rsquo;une manifestation pacifique des Sahraouis \u00e0 El-Ayoun occup\u00e9e<\/span> &#8211; <span class=\"sp-nh-date\">mardi 8 octobre 2019 16:52<\/span><\/p>\n<p><span class=\"sp-nh-title\">Pr\u00e9sidentielle: toutes les institutions de l&rsquo;Etat sont \u00e0 la disposition de l&rsquo;ANIE\u00a0<\/span> &#8211; <span class=\"sp-nh-date\">mardi 8 octobre 2019 16:32<\/span><\/p>\n<p><span class=\"sp-nh-title\">Alg\u00e9rie-Danemark: une trentaine de projets de partenariat dans l&rsquo;Agriculture et l&rsquo;agro-alimentaire<\/span> &#8211; <span class=\"sp-nh-date\">mardi 8 octobre 2019 16:29<\/span><\/p>\n<p>Auteur:<br \/>\n<a href=\"http:\/\/www.aps.dz\/regions\/95391-tizi-ouzou-demantelement-d-une-bande-de-trafic-de-corail-et-saisie-de-plus-de-59-kilos-de-coraux\">Cliquez ici pour lire l&rsquo;article depuis sa source.<\/a><\/p>\n","protected":false},"excerpt":{"rendered":"<p>Agriculture : cr\u00e9ation d&rsquo;une cellule d&rsquo;\u00e9coute et d&rsquo;accompagnement des jeunes innovateurs &#8211; mardi 8 octobre 2019 19:15 Djellab s&rsquo;entretient avec son homologue tunisien sur la coop\u00e9ration et le partenariat \u00e9conomique bilat\u00e9ral &#8211; mardi 8 octobre 2019 19:08 Alger: des \u00e9coliers r\u00e9unis pour une journ\u00e9e de sensibilisation contre la pollution plastique &#8211; mardi 8 octobre 2019 [&hellip;]<\/p>\n","protected":false},"author":1790,"featured_media":0,"comment_status":"closed","ping_status":"closed","sticky":false,"template":"","format":"standard","meta":{"fifu_image_url":"","fifu_image_alt":"","footnotes":""},"categories":[53,76],"tags":[],"class_list":["post-63705","post","type-post","status-publish","format-standard","hentry","category-algerie","category-regions"],"_links":{"self":[{"href":"https:\/\/linitiative.ca\/International\/wp-json\/wp\/v2\/posts\/63705","targetHints":{"allow":["GET"]}}],"collection":[{"href":"https:\/\/linitiative.ca\/International\/wp-json\/wp\/v2\/posts"}],"about":[{"href":"https:\/\/linitiative.ca\/International\/wp-json\/wp\/v2\/types\/post"}],"author":[{"embeddable":true,"href":"https:\/\/linitiative.ca\/International\/wp-json\/wp\/v2\/users\/1790"}],"replies":[{"embeddable":true,"href":"https:\/\/linitiative.ca\/International\/wp-json\/wp\/v2\/comments?post=63705"}],"version-history":[{"count":0,"href":"https:\/\/linitiative.ca\/International\/wp-json\/wp\/v2\/posts\/63705\/revisions"}],"wp:attachment":[{"href":"https:\/\/linitiative.ca\/International\/wp-json\/wp\/v2\/media?parent=63705"}],"wp:term":[{"taxonomy":"category","embeddable":true,"href":"https:\/\/linitiative.ca\/International\/wp-json\/wp\/v2\/categories?post=63705"},{"taxonomy":"post_tag","embeddable":true,"href":"https:\/\/linitiative.ca\/International\/wp-json\/wp\/v2\/tags?post=63705"}],"curies":[{"name":"wp","href":"https:\/\/api.w.org\/{rel}","templated":true}]}}