{"id":63707,"date":"2019-10-08T12:43:29","date_gmt":"2019-10-08T16:43:29","guid":{"rendered":"https:\/\/linitiative.ca\/International\/constantine-coup-denvoi-dune-caravane-de-sensibilisation-pour-prevenir-les-risques-dinondations\/"},"modified":"2019-10-08T12:43:29","modified_gmt":"2019-10-08T16:43:29","slug":"constantine-coup-denvoi-dune-caravane-de-sensibilisation-pour-prevenir-les-risques-dinondations","status":"publish","type":"post","link":"https:\/\/linitiative.ca\/International\/constantine-coup-denvoi-dune-caravane-de-sensibilisation-pour-prevenir-les-risques-dinondations\/","title":{"rendered":"Constantine : coup d\u2019envoi d\u2019une caravane de sensibilisation pour pr\u00e9venir les risques d\u2019inondations"},"content":{"rendered":"<div readability=\"35\">\n<p><strong>CONSTANTINE- La direction de la protection civile (DPC) de la wilaya de Constantine a lanc\u00e9 mardi une caravane de sensibilisation au profit de scolaris\u00e9s dans les \u00e9tablissements d&rsquo;enseignement moyen situ\u00e9s\u00a0\u00e0 proximit\u00e9 des oueds aux risques des pluies saisonni\u00e8res et aux inondations pouvant survenir en hiver.<\/strong><\/p>\n<\/div>\n<div readability=\"81.1363636364\">\n<p>Le coup d\u2019envoi de cette caravane, organis\u00e9e en collaboration avec les directions des ressources en eau (DRE) et les travaux (DTP), a \u00e9t\u00e9 donn\u00e9 \u00e0 partir du CEM Mohamed Ben Moussa de la cit\u00e9 Boussouf et s\u2019ach\u00e8vera le 24 octobre prochain au CEM Boudjama\u00e2 Souidani, sis au quartier des fr\u00e8res Ferrad \u00e0 Ain El Bey, a indiqu\u00e9 le responsable du service de documentation et des statistiques au sein de cette direction, le capitaine Samir Benharzallah.<\/p>\n<p>L&rsquo;organisation de cette op\u00e9ration qui s&rsquo;inscrit dans le cadre de la campagne nationale de pr\u00e9vention des dangers de ce ph\u00e9nom\u00e8ne naturel, initi\u00e9e mi-septembre dernier, par la Direction g\u00e9n\u00e9rale de la protection\u00a0civile (DGPC), vise \u00e0 r\u00e9duire les risques dus aux pluies torrentielles durant la p\u00e9riode hivernale et minimiser les d\u00e9g\u00e2ts humains et mat\u00e9riels.<\/p>\n<p>La pr\u00e9sentation des moyens et des \u00e9quipements d\u2019intervention lors des inondations et des infiltrations d\u2019eau dans les immeubles, suite aux fortes chutes de pluies et la distribution de d\u00e9pliants renseignant sur ce sujet en faveur de cette frange des scolaris\u00e9s, figurent au programme de la caravane, a ajout\u00e9 le m\u00eame responsable.<\/p>\n<hr\/>\n<p>Lire aussi:\u00a0 <a href=\"http:\/\/www.aps.dz\/regions\/95088-pluies-orageuses-et-rafales-de-vent-annoncees-dans-plusieurs-wilayas-de-l-est\">Pluies orageuses et rafales de vent annonc\u00e9es dans plusieurs wilayas de l&rsquo;Est<\/a><\/p>\n<hr\/>\n<p>Le programme trac\u00e9, selon l&rsquo;officier Benharzallah, ciblera six (6) CEM situ\u00e9s \u00e0 proximit\u00e9 des oueds et dans des zones menac\u00e9es chaque ann\u00e9e par ce ph\u00e9nom\u00e8ne naturel, \u00e0 l\u2019instar du CEM Ahmed Aroua de la cit\u00e9 Ben Chergui et Mahmoud Ghedjour au quartier Chaab Resas.<\/p>\n<p>Au cours d\u2019une s\u00e9ance d\u2019orientation, tenue en pr\u00e9sence des enseignants du CEM Mohamed Ben Moussa, une responsable au service de l\u2019entretien des routes \u00e0 la Direction des travaux publics, Maya Fedloune, a soulign\u00e9 que l&rsquo;initiative a pour objectif \u00ab\u00a0de\u00a0 sensibiliser davantage les \u00e9l\u00e8ves de ne pas jeter des d\u00e9chets solides dans les avaloirs pour \u00e9viter les obstruer et par la m\u00eame g\u00e9n\u00e9rer des inondations.<\/p>\n<p>Souhaila, scolaris\u00e9e au sein de cet \u00e9tablissement a salu\u00e9 cette initiative qui lui a permis, selon elle, de conna\u00eetre les mesures efficaces et pr\u00e9ventives, particuli\u00e8rement l\u2019am\u00e9nagement des oueds, avant la rentr\u00e9e sociale et scolaire afin de s\u00e9curiser le chemin de l\u2019\u00e9cole dans des zones class\u00e9es inondables.<\/p>\n<\/div>\n<p>Auteur:<br \/>\n<a href=\"http:\/\/www.aps.dz\/regions\/95404-constantine-coup-d-envoi-d-une-caravane-de-sensibilisation-pour-prevenir-les-risques-d-inondations\">Cliquez ici pour lire l&rsquo;article depuis sa source.<\/a><\/p>\n","protected":false},"excerpt":{"rendered":"<p>CONSTANTINE- La direction de la protection civile (DPC) de la wilaya de Constantine a lanc\u00e9 mardi une caravane de sensibilisation au profit de scolaris\u00e9s dans les \u00e9tablissements d&rsquo;enseignement moyen situ\u00e9s\u00a0\u00e0 proximit\u00e9 des oueds aux risques des pluies saisonni\u00e8res et aux inondations pouvant survenir en hiver. Le coup d\u2019envoi de cette caravane, organis\u00e9e en collaboration avec [&hellip;]<\/p>\n","protected":false},"author":1790,"featured_media":0,"comment_status":"closed","ping_status":"closed","sticky":false,"template":"","format":"standard","meta":{"fifu_image_url":"","fifu_image_alt":"","footnotes":""},"categories":[53,76],"tags":[],"class_list":["post-63707","post","type-post","status-publish","format-standard","hentry","category-algerie","category-regions"],"_links":{"self":[{"href":"https:\/\/linitiative.ca\/International\/wp-json\/wp\/v2\/posts\/63707","targetHints":{"allow":["GET"]}}],"collection":[{"href":"https:\/\/linitiative.ca\/International\/wp-json\/wp\/v2\/posts"}],"about":[{"href":"https:\/\/linitiative.ca\/International\/wp-json\/wp\/v2\/types\/post"}],"author":[{"embeddable":true,"href":"https:\/\/linitiative.ca\/International\/wp-json\/wp\/v2\/users\/1790"}],"replies":[{"embeddable":true,"href":"https:\/\/linitiative.ca\/International\/wp-json\/wp\/v2\/comments?post=63707"}],"version-history":[{"count":0,"href":"https:\/\/linitiative.ca\/International\/wp-json\/wp\/v2\/posts\/63707\/revisions"}],"wp:attachment":[{"href":"https:\/\/linitiative.ca\/International\/wp-json\/wp\/v2\/media?parent=63707"}],"wp:term":[{"taxonomy":"category","embeddable":true,"href":"https:\/\/linitiative.ca\/International\/wp-json\/wp\/v2\/categories?post=63707"},{"taxonomy":"post_tag","embeddable":true,"href":"https:\/\/linitiative.ca\/International\/wp-json\/wp\/v2\/tags?post=63707"}],"curies":[{"name":"wp","href":"https:\/\/api.w.org\/{rel}","templated":true}]}}