{"id":63708,"date":"2019-10-08T12:11:34","date_gmt":"2019-10-08T16:11:34","guid":{"rendered":"https:\/\/linitiative.ca\/International\/miliana-commemoration-du-62eme-anniversaire-de-la-mort-dali-la-pointe\/"},"modified":"2019-10-08T12:11:34","modified_gmt":"2019-10-08T16:11:34","slug":"miliana-commemoration-du-62eme-anniversaire-de-la-mort-dali-la-pointe","status":"publish","type":"post","link":"https:\/\/linitiative.ca\/International\/miliana-commemoration-du-62eme-anniversaire-de-la-mort-dali-la-pointe\/","title":{"rendered":"Miliana : comm\u00e9moration du 62\u00e8me anniversaire de la mort d\u2019Ali la Pointe"},"content":{"rendered":"<div readability=\"35\">\n<p><strong>AIN DEFLA &#8211; La commune de Miliana (A\u00efn Defla) a comm\u00e9mor\u00e9 mardi le 62\u00e8me anniversaire de la mort du chahid Ali Ammar, dit Ali la Pointe, tomb\u00e9 au champ d\u2019honneur le 8 octobre 1957.<\/strong><\/p>\n<\/div>\n<div readability=\"131.54518808\">\n<p>Une gerbe de fleurs a \u00e9t\u00e9 d\u00e9pos\u00e9e devant la st\u00e8le \u00e9rig\u00e9e sur la place qui porte le nom du martyr au cours d\u2019une c\u00e9r\u00e9monie organis\u00e9e en pr\u00e9sence des moudjahidine de la r\u00e9gion et des autorit\u00e9s civiles et militaires de la wilaya, \u00e0 leur t\u00eate le wali, Aziz Benyoucef.<\/p>\n<p>Une exposition de photos retra\u00e7ant le parcours \u00e9logieux d\u2019Ali la Pointe a \u00e9t\u00e9 organis\u00e9e \u00e0 l\u2019occasion en pr\u00e9sence de nombreux jeunes avides d\u2019en savoir d\u2019avantage sur l\u2019un des plus grands h\u00e9ros de la r\u00e9volution connu notamment pour avoir pris part \u00e0 la Bataille d&rsquo;Alger.<\/p>\n<p>Un programme aussi riche que vari\u00e9 a \u00e9t\u00e9 abrit\u00e9 \u00e0 l\u2019occasion par le th\u00e9\u00e2tre Mahfoud Touahri de Miliana en vue de c\u00e9l\u00e9brer l\u2019anniversaire de cet illustre martyr \u00e9pris de justice et de libert\u00e9.<\/p>\n<p>Dans une communication portant sur l\u2019\u00e9v\u00e8nement, Dr Abderahmane Tounsi de la facult\u00e9 d\u2019histoire de l\u2019universit\u00e9 Djillali Bouna\u00e2ma de Kh\u00e9mis Miliana, s\u2019est longuement attard\u00e9 sur le parcours d\u2019Ali la Pointe, mettant en \u00e9vidence de nombreuses facettes de son combat h\u00e9ro\u00efque.<\/p>\n<p>Il a, dans ce cadre, affirm\u00e9 qu\u2019Ali la Pointe a, d\u00e8s son tr\u00e8s jeune \u00e2ge, \u00e9t\u00e9 influenc\u00e9 par son grand-p\u00e8re paternel, lequel a \u00e9t\u00e9 d\u00e9port\u00e9 vers Cayenne (Guyane du nord) en raison de son activit\u00e9 anti-coloniale.<\/p>\n<p>Sur son image de \u00ab\u00a0petit malfrat multir\u00e9cidiviste\u00a0\u00bb d\u2019avant la guerre de Lib\u00e9ration, il a soulign\u00e9 que les autorit\u00e9s coloniales d\u2019alors avaient \u00ab\u00a0grandement exag\u00e9r\u00e9\u00a0\u00bb sur le sujet, imputant certains comportements jug\u00e9s \u00ab\u00a0violents\u00a0\u00bb d\u2019Ali la Pointe au fait qu\u2019il a pratiqu\u00e9 la boxe pendant un certain temps.<\/p>\n<hr\/>\n<p><span class=\"c30\"><strong>Lire aussi: <a href=\"http:\/\/www.aps.dz\/regions\/79374-miliana-commemoration-du-61eme-anniversaire-de-la-mort-d-ali-la-pointe\">Miliana: comm\u00e9moration du 61\u00e8me anniversaire de la mort d\u2019Ali la pointe<\/a><\/strong><\/span><\/p>\n<hr\/>\n<p>Le conf\u00e9rencier a observ\u00e9 que les contacts du martyr avec les militants du FLN durant les ann\u00e9es 54 et 55 l\u2019ont influenc\u00e9 \u00e0 plus d\u2019un titre, renfor\u00e7ant en lui la justesse de la cause pour laquelle se battent ses concitoyens.<\/p>\n<p>Alors qu\u2019il \u00e9tait en route pour la prison de Damiette (M\u00e9d\u00e9a), il a r\u00e9ussi \u00e0 prendre la fuite \u00e0 hauteur de Blida, a-t-il fait savoir, nouant des relations avec un groupe dit de l\u2019Alg\u00e9rie libre (Zone Autonome d&rsquo;Alger), lequel l\u2019a mis en contact avec Yacef Sa\u00e2di.<\/p>\n<p>A la fin de cette c\u00e9r\u00e9monie, des moudjahidines de la wilaya de A\u00efn Defla ainsi que des repr\u00e9sentants de la famille d\u2019Ali la Pointe ont a \u00e9t\u00e9 honor\u00e9s par le wali dans une ambiance empreinte de convivialit\u00e9 et de m\u00e9ditation.<\/p>\n<p>La s\u0153ur du chahid Mustapha Ferroukhi a \u00e9galement \u00e9t\u00e9 honor\u00e9e \u00e0 l\u2019occasion de la journ\u00e9e internationale de la diplomatie c\u00e9l\u00e9br\u00e9e \u00e9galement le 8 octobre de chaque ann\u00e9e.<\/p>\n<p>Combattant au courage et \u00e0 l\u2019audace exemplaires de la lutte de Lib\u00e9ration nationale, Ali Ammar (1930-1957), est principalement connu pour sa participation \u00e0 la Bataille d\u2019Alger aux c\u00f4t\u00e9s de Hassiba Ben Bouali, Zohra Drif, Omar Yacef (dit petit Omar) et Yacef Sa\u00e2di, alors chef de la Zone autonome d\u2019Alger (ZAA).<\/p>\n<p>En 1952, Ali Ammar, alors \u00e2g\u00e9 de 22 ans, est incarc\u00e9r\u00e9 \u00e0 la prison de Damiette (M\u00e9d\u00e9a). Trois ann\u00e9es plus tard, le 2 avril 1955, il s\u2019\u00e9vade en compagnie de l\u2019un de ses compagnons de cellule.<\/p>\n<p>Il prit, dans un premier temps, la direction de Blida puis r\u00e9ussit \u00e0 rallier Alger o\u00f9 il entra en clandestinit\u00e9.<\/p>\n<p>Apr\u00e8s plusieurs tests et mises \u00e0 l\u2019\u00e9preuve qui consistaient \u00e0 mener des missions p\u00e9rilleuses dans la capitale, quadrill\u00e9e alors par les parachutistes du g\u00e9n\u00e9ral Massu, notamment des attentats contre des gendarmes, Ali la pointe constitua avec un groupe de fiday\u00een, dont font partie Hassiba Ben Bouali et Abderrahmane Taleb, un commando de choc qui alla porter le combat au c\u0153ur m\u00eame de l\u2019\u00e9tat-major fran\u00e7ais.<\/p>\n<p>Apr\u00e8s trois ann\u00e9es de lutte arm\u00e9e (avril 1955-octobre 1957), Ali Ammar est rep\u00e9r\u00e9 le 8 octobre 1957 par les forces arm\u00e9es coloniales dans un immeuble de la Casbah.<\/p>\n<p>Il est tomb\u00e9 en martyr avec Mahmoud Bouhamidi, Hassiba Ben Bouali et Omar Yacef apr\u00e8s que les parachutistes du 3e R\u00e9giment (REP) command\u00e9 par le colonel Bigeard, eurent dynamit\u00e9 la maison o\u00f9 ils s\u2019\u00e9taient r\u00e9fugi\u00e9s.<\/p>\n<\/div>\n<p>Auteur:<br \/>\n<a href=\"http:\/\/www.aps.dz\/regions\/95407-miliana-commemoration-du-62eme-anniversaire-de-la-mort-d-ali-la-pointe\">Cliquez ici pour lire l&rsquo;article depuis sa source.<\/a><\/p>\n","protected":false},"excerpt":{"rendered":"<p>AIN DEFLA &#8211; La commune de Miliana (A\u00efn Defla) a comm\u00e9mor\u00e9 mardi le 62\u00e8me anniversaire de la mort du chahid Ali Ammar, dit Ali la Pointe, tomb\u00e9 au champ d\u2019honneur le 8 octobre 1957. Une gerbe de fleurs a \u00e9t\u00e9 d\u00e9pos\u00e9e devant la st\u00e8le \u00e9rig\u00e9e sur la place qui porte le nom du martyr au [&hellip;]<\/p>\n","protected":false},"author":1790,"featured_media":0,"comment_status":"closed","ping_status":"closed","sticky":false,"template":"","format":"standard","meta":{"fifu_image_url":"","fifu_image_alt":"","footnotes":""},"categories":[53,76],"tags":[],"class_list":["post-63708","post","type-post","status-publish","format-standard","hentry","category-algerie","category-regions"],"_links":{"self":[{"href":"https:\/\/linitiative.ca\/International\/wp-json\/wp\/v2\/posts\/63708","targetHints":{"allow":["GET"]}}],"collection":[{"href":"https:\/\/linitiative.ca\/International\/wp-json\/wp\/v2\/posts"}],"about":[{"href":"https:\/\/linitiative.ca\/International\/wp-json\/wp\/v2\/types\/post"}],"author":[{"embeddable":true,"href":"https:\/\/linitiative.ca\/International\/wp-json\/wp\/v2\/users\/1790"}],"replies":[{"embeddable":true,"href":"https:\/\/linitiative.ca\/International\/wp-json\/wp\/v2\/comments?post=63708"}],"version-history":[{"count":0,"href":"https:\/\/linitiative.ca\/International\/wp-json\/wp\/v2\/posts\/63708\/revisions"}],"wp:attachment":[{"href":"https:\/\/linitiative.ca\/International\/wp-json\/wp\/v2\/media?parent=63708"}],"wp:term":[{"taxonomy":"category","embeddable":true,"href":"https:\/\/linitiative.ca\/International\/wp-json\/wp\/v2\/categories?post=63708"},{"taxonomy":"post_tag","embeddable":true,"href":"https:\/\/linitiative.ca\/International\/wp-json\/wp\/v2\/tags?post=63708"}],"curies":[{"name":"wp","href":"https:\/\/api.w.org\/{rel}","templated":true}]}}