{"id":63710,"date":"2019-10-08T06:30:00","date_gmt":"2019-10-08T10:30:00","guid":{"rendered":"https:\/\/linitiative.ca\/International\/tanger-une-deuxieme-vie-pour-le-chateau-de-perdicaris\/"},"modified":"2019-10-08T06:30:00","modified_gmt":"2019-10-08T10:30:00","slug":"tanger-une-deuxieme-vie-pour-le-chateau-de-perdicaris","status":"publish","type":"post","link":"https:\/\/linitiative.ca\/International\/tanger-une-deuxieme-vie-pour-le-chateau-de-perdicaris\/","title":{"rendered":"Tanger: Une deuxi\u00e8me vie pour le ch\u00e2teau de Perdicaris"},"content":{"rendered":"<div readability=\"35\">\n<p>Il accueillera un centre d\u2019interpr\u00e9tation historique<\/p>\n<p>Objectif: mettre en valeur l\u2019histoire, la faune et la flore de la r\u00e9gion<\/p>\n<\/div>\n<div readability=\"79\">\n<div class=\"dnd-atom-wrapper type-image context-sdl_editor_representation\" contenteditable=\"false\" readability=\"32.5\">\n<div class=\"dnd-drop-wrapper image\"><img loading=\"lazy\" decoding=\"async\" typeof=\"foaf:Image\" class=\"img-responsive\" src=\"https:\/\/www.leconomiste.com\/sites\/default\/files\/eco7\/public\/thumbnails\/image\/tanger_chateau_de_perdicarisdigne_008.jpg\" width=\"800\" height=\"563\" alt=\"tanger_chateau_de_perdicarisdigne_008.jpg\" title=\"tanger_chateau_de_perdicarisdigne_008.jpg\"\/><\/div>\n<div class=\"dnd-legend-wrapper\" contenteditable=\"true\" readability=\"10\">\n<p class=\"rtejustify\">Le ch\u00e2teau de Perdicaris, construit par le diplomate \u00e9ponyme pour sa femme, est rest\u00e9 un symbole de l\u2019histoire contemporaine de Tanger et un lieu de vill\u00e9giature pour ses habitants <em>(Ph. Adam)<\/em><\/p>\n<\/div>\n<\/div>\n<p class=\"rtejustify\">Perdicaris est l\u2019un des nombreux h\u00e9ritages communs de l\u2019histoire du Maroc et des Etats-Unis. Un si\u00e8cle apr\u00e8s, le ch\u00e2teau qu\u2019occupa cet homme d\u2019affaires et diplomate am\u00e9ricain dans les environs de Tanger en est l\u2019un des derniers vestiges.<\/p>\n<p class=\"rtejustify\">La b\u00e2tisse, restaur\u00e9e et r\u00e9am\u00e9nag\u00e9e, accueillera un centre d\u2019interpr\u00e9tation sur l\u2019histoire, les paysages naturels et la biodiversit\u00e9 de la zone de Tanger en g\u00e9n\u00e9ral et celle du Cap Spartel et le parc Perdicaris en particulier. Le centre lanc\u00e9 par le minist\u00e8re de la Culture et de la Communication a pour objectif la mise en valeur, la communication et la promotion des valeurs culturelles et naturelles du parc et du ch\u00e2teau Perdicaris dans son contexte tang\u00e9rois et m\u00e9diterran\u00e9en.<\/p>\n<p class=\"rtejustify\">Le projet de cr\u00e9ation de ce centre vient en continuit\u00e9 aux travaux de restauration et de r\u00e9habilitation du ch\u00e2teau r\u00e9alis\u00e9s par le minist\u00e8re de la Culture et ceux de l\u2019am\u00e9nagement du parc r\u00e9alis\u00e9s par le Haut commissariat aux eaux et for\u00eats dans le cadre du programme Tanger-M\u00e9tropole en 2017.<\/p>\n<p class=\"rtejustify\">Le centre inclura une exposition permanente sur l\u2019histoire, le patrimoine et la nature de la zone de Tanger en g\u00e9n\u00e9ral et l\u2019espace du parc et du ch\u00e2teau de Perdicaris en particulier. Il sera \u00e9quip\u00e9 avec du mobilier fabriqu\u00e9 \u00e0 l\u2019occasion pour mettre en sc\u00e8ne l\u2019histoire du parc.<\/p>\n<p class=\"rtejustify\">Ion Perdicaris a v\u00e9cu \u00e0 Tanger \u00e0 la fin du XIXe si\u00e8cle. Sa femme ayant attrap\u00e9 une maladie pulmonaire, il lui fit construire une demeure dans la montagne au milieu de la for\u00eat, une r\u00e9sidence en forme de palais avec une tourelle digne d\u2019un ch\u00e2teau-fort m\u00e9di\u00e9val.<\/p>\n<p class=\"rtejustify\">C\u2019est ce m\u00eame Perdicaris qui a \u00e9t\u00e9 kidnapp\u00e9 en 1904 par le chef rifain Raissouli et qui a valu au pr\u00e9sident des Etats Unis de l\u2019\u00e9poque Theodore Roosevelt de dire \u00abPerdicaris vivant ou Raissouli mort\u00bb et qui a failli d\u00e9boucher sur un conflit arm\u00e9 \u00e0 l\u2019\u00e9poque.<\/p>\n<p class=\"rtejustify\">A noter que la for\u00eat de Perdicaris est un lieu de vill\u00e9giature pour les habitants de la ville, elle constitue un v\u00e9ritable r\u00e9servoir pour esp\u00e8ces animales et v\u00e9g\u00e9tales. L\u2019une des plus en vue est le sanglier. D\u2019autres esp\u00e8ces y sont aussi tr\u00e8s pr\u00e9sentes dont le busard des roseaux et le cam\u00e9l\u00e9on vulgaire. Perdicaris est aussi un endroit de passage r\u00e9f\u00e9renc\u00e9 pour les oiseaux migrateurs qui l\u2019utilisent comme dortoir et escale lors de leurs migrations.<\/p>\n<p class=\"rtejustify\">C\u00f4t\u00e9 flore, le parc Perdicaris est connu pour sa population autochtone d\u2019arbres de type ch\u00eane li\u00e8ge, ch\u00eane kerm\u00e8s et zeen, une esp\u00e8ce rarissime en dessous des 800 m\u00e8tres.<\/p>\n<p class=\"rtejustify\"><em>De notre correspondant permanent, Ali ABJIOU<\/em><\/p>\n<p class=\"rtejustify\">\u00a0<\/p>\n<p class=\"rtejustify\">\u00a0<\/p>\n<\/div>\n<p>Auteur: hlafriqi<br \/>\n<a href=\"https:\/\/www.leconomiste.com\/article\/1051289-tanger-une-deuxieme-vie-pour-le-chateau-de-perdicaris\">Cliquez ici pour lire l&rsquo;article depuis sa source.<\/a><\/p>\n","protected":false},"excerpt":{"rendered":"<p>Il accueillera un centre d\u2019interpr\u00e9tation historique Objectif: mettre en valeur l\u2019histoire, la faune et la flore de la r\u00e9gion Le ch\u00e2teau de Perdicaris, construit par le diplomate \u00e9ponyme pour sa femme, est rest\u00e9 un symbole de l\u2019histoire contemporaine de Tanger et un lieu de vill\u00e9giature pour ses habitants (Ph. Adam) Perdicaris est l\u2019un des nombreux [&hellip;]<\/p>\n","protected":false},"author":1763,"featured_media":63711,"comment_status":"closed","ping_status":"closed","sticky":false,"template":"","format":"standard","meta":{"fifu_image_url":"","fifu_image_alt":"","footnotes":""},"categories":[78,54],"tags":[],"class_list":["post-63710","post","type-post","status-publish","format-standard","has-post-thumbnail","hentry","category-economie","category-maroc"],"_links":{"self":[{"href":"https:\/\/linitiative.ca\/International\/wp-json\/wp\/v2\/posts\/63710","targetHints":{"allow":["GET"]}}],"collection":[{"href":"https:\/\/linitiative.ca\/International\/wp-json\/wp\/v2\/posts"}],"about":[{"href":"https:\/\/linitiative.ca\/International\/wp-json\/wp\/v2\/types\/post"}],"author":[{"embeddable":true,"href":"https:\/\/linitiative.ca\/International\/wp-json\/wp\/v2\/users\/1763"}],"replies":[{"embeddable":true,"href":"https:\/\/linitiative.ca\/International\/wp-json\/wp\/v2\/comments?post=63710"}],"version-history":[{"count":0,"href":"https:\/\/linitiative.ca\/International\/wp-json\/wp\/v2\/posts\/63710\/revisions"}],"wp:featuredmedia":[{"embeddable":true,"href":"https:\/\/linitiative.ca\/International\/wp-json\/"}],"wp:attachment":[{"href":"https:\/\/linitiative.ca\/International\/wp-json\/wp\/v2\/media?parent=63710"}],"wp:term":[{"taxonomy":"category","embeddable":true,"href":"https:\/\/linitiative.ca\/International\/wp-json\/wp\/v2\/categories?post=63710"},{"taxonomy":"post_tag","embeddable":true,"href":"https:\/\/linitiative.ca\/International\/wp-json\/wp\/v2\/tags?post=63710"}],"curies":[{"name":"wp","href":"https:\/\/api.w.org\/{rel}","templated":true}]}}