{"id":63714,"date":"2019-10-08T07:00:00","date_gmt":"2019-10-08T11:00:00","guid":{"rendered":"https:\/\/linitiative.ca\/International\/marrakech-stars-in-the-place-gims-dadju-lartiste-en-concert-pour-cette-fin-dannee\/"},"modified":"2019-10-08T07:00:00","modified_gmt":"2019-10-08T11:00:00","slug":"marrakech-stars-in-the-place-gims-dadju-lartiste-en-concert-pour-cette-fin-dannee","status":"publish","type":"post","link":"https:\/\/linitiative.ca\/International\/marrakech-stars-in-the-place-gims-dadju-lartiste-en-concert-pour-cette-fin-dannee\/","title":{"rendered":"Marrakech\/Stars In The Place: Gims, Dadju, Lartiste\u2026 en concert pour cette fin d\u2019ann\u00e9e"},"content":{"rendered":"<div readability=\"36\">\n<p>Une 3e \u00e9dition pr\u00e9vue le 29 d\u00e9cembre 2019<\/p>\n<p>Un \u00e9v\u00e9nement \u00e0 Jemaa El Fna offert au grand public<\/p>\n<p>Plus de 100.000 spectateurs attendus<\/p>\n<\/div>\n<div readability=\"79\">\n<div class=\"dnd-atom-wrapper type-image context-sdl_editor_representation\" contenteditable=\"false\" readability=\"32.5\">\n<div class=\"dnd-drop-wrapper image\"><img loading=\"lazy\" decoding=\"async\" typeof=\"foaf:Image\" class=\"img-responsive\" src=\"https:\/\/www.leconomiste.com\/sites\/default\/files\/eco7\/public\/thumbnails\/image\/marrakech_stars_in_the_place_008.jpg\" width=\"800\" height=\"474\" alt=\"marrakech_stars_in_the_place_008.jpg\" title=\"marrakech_stars_in_the_place_008.jpg\"\/><\/div>\n<div class=\"dnd-legend-wrapper\" contenteditable=\"true\" readability=\"10\">\n<p class=\"rtejustify\">Troisi\u00e8me volet pour Stars In The Place, pr\u00e9vu le 29 d\u00e9cembre prochain, \u00e0 la place Jemaa El Fna \u00e0 Marrakech. Un concert gratuit ouvert au grand public <em>(Source: Stars In The Place)<\/em><\/p>\n<\/div>\n<\/div>\n<p class=\"rtejustify\">Un concert \u00e0 Jemaa El Fna \u00e0 Marrakech est toujours un grand moment. Alors quand il est au programme des festivit\u00e9s de fin d\u2019ann\u00e9e, qu\u2019il est gratuit et invite quelques.-unes des t\u00eates d\u2019affiche du moment, la c\u00e9l\u00e8bre place est litt\u00e9ralement bond\u00e9e.<\/p>\n<p class=\"rtejustify\">Le troisi\u00e8me volet de Stars In The Place est pr\u00e9vu le 29 d\u00e9cembre prochain. Ils sont, chaque ann\u00e9e, plus de 100.000 spectateurs \u00e0 venir applaudir un plateau d\u2019artistes \u00e9trangers et marocains de renomm\u00e9e internationale, autour de Gims en ma\u00eetre de c\u00e9r\u00e9monie. Ce dernier souhaite, \u00e0 travers ce rendez-vous, c\u00e9l\u00e9brer la citoyennet\u00e9 et les valeurs de fraternit\u00e9 et de tol\u00e9rance.<\/p>\n<p class=\"rtejustify\">\u00abStars in the Place est notre propre mani\u00e8re d\u2019exprimer \u00e0 Sa Majest\u00e9 le Roi Mohammed VI, Que Dieu l\u2019assiste, et \u00e0 tous les Marocains, notre amour pour le Maroc et son peuple et notre volont\u00e9 de contribuer, autant que nous le pouvons, \u00e0 la grande dynamique \u00e9conomique et sociale que conna\u00eet notre cher pays et son d\u00e9veloppement\u00bb, explique dans un communiqu\u00e9 Youssef Aarab, directeur artistique et ami de Gims.<\/p>\n<p class=\"rtejustify\">Dadju et Lartiste font partie des chanteurs attendus pour cette 3e \u00e9dition, dont la liste compl\u00e8te sera bient\u00f4t d\u00e9voil\u00e9e par le p\u00f4le \u00e9v\u00e8nement de Lamalif Group, organisateur du concert 2019. Cette entreprise citoyenne, leader dans le secteur de l\u2019\u00e9clairage public et am\u00e9nagement urbain, renforce son d\u00e9veloppement, depuis le d\u00e9but de cette ann\u00e9e, par l\u2019ouverture de nouveaux p\u00f4les d\u2019activit\u00e9s, dont l\u2019\u00e9v\u00e8nementiel. Son objectif \u00e9tant de contribuer \u00e0 l\u2019enrichissement de la dynamique culturelle et \u00e9conomique du Royaume et d\u2019assurer la responsabilit\u00e9 sociale du groupe.<\/p>\n<p class=\"rtejustify\">Rappelons que pour coller \u00e0 la volont\u00e9 de rassemblement et de partage et \u00e0 l\u2019esprit de fraternit\u00e9 entre les peuples et les g\u00e9n\u00e9rations, le concert Stars In The Place est 100% offert au grand public. L\u2019ann\u00e9e derni\u00e8re, Gims \u00e9tait entour\u00e9 notamment des membres des groupes H-Kayne et Fna\u00efre et de la chanteuse Manal, qui cumule les distinctions sur les plateformes d\u2019\u00e9coute et de t\u00e9l\u00e9chargement, le nombre de vues sur Youtube et celui de ses fans sur les r\u00e9seaux sociaux.o<\/p>\n<p class=\"rtejustify\"><em>J.A.<\/em><\/p>\n<p class=\"rtejustify\">\u00a0<\/p>\n<\/div>\n<p>Auteur: hlafriqi<br \/>\n<a href=\"https:\/\/www.leconomiste.com\/article\/1051297-marrakech-stars-place-gims-dadju-lartiste-en-concert-pour-cette-fin-d-annee\">Cliquez ici pour lire l&rsquo;article depuis sa source.<\/a><\/p>\n","protected":false},"excerpt":{"rendered":"<p>Une 3e \u00e9dition pr\u00e9vue le 29 d\u00e9cembre 2019 Un \u00e9v\u00e9nement \u00e0 Jemaa El Fna offert au grand public Plus de 100.000 spectateurs attendus Troisi\u00e8me volet pour Stars In The Place, pr\u00e9vu le 29 d\u00e9cembre prochain, \u00e0 la place Jemaa El Fna \u00e0 Marrakech. Un concert gratuit ouvert au grand public (Source: Stars In The Place) [&hellip;]<\/p>\n","protected":false},"author":1763,"featured_media":63715,"comment_status":"closed","ping_status":"closed","sticky":false,"template":"","format":"standard","meta":{"fifu_image_url":"","fifu_image_alt":"","footnotes":""},"categories":[78,54],"tags":[],"class_list":["post-63714","post","type-post","status-publish","format-standard","has-post-thumbnail","hentry","category-economie","category-maroc"],"_links":{"self":[{"href":"https:\/\/linitiative.ca\/International\/wp-json\/wp\/v2\/posts\/63714","targetHints":{"allow":["GET"]}}],"collection":[{"href":"https:\/\/linitiative.ca\/International\/wp-json\/wp\/v2\/posts"}],"about":[{"href":"https:\/\/linitiative.ca\/International\/wp-json\/wp\/v2\/types\/post"}],"author":[{"embeddable":true,"href":"https:\/\/linitiative.ca\/International\/wp-json\/wp\/v2\/users\/1763"}],"replies":[{"embeddable":true,"href":"https:\/\/linitiative.ca\/International\/wp-json\/wp\/v2\/comments?post=63714"}],"version-history":[{"count":0,"href":"https:\/\/linitiative.ca\/International\/wp-json\/wp\/v2\/posts\/63714\/revisions"}],"wp:featuredmedia":[{"embeddable":true,"href":"https:\/\/linitiative.ca\/International\/wp-json\/"}],"wp:attachment":[{"href":"https:\/\/linitiative.ca\/International\/wp-json\/wp\/v2\/media?parent=63714"}],"wp:term":[{"taxonomy":"category","embeddable":true,"href":"https:\/\/linitiative.ca\/International\/wp-json\/wp\/v2\/categories?post=63714"},{"taxonomy":"post_tag","embeddable":true,"href":"https:\/\/linitiative.ca\/International\/wp-json\/wp\/v2\/tags?post=63714"}],"curies":[{"name":"wp","href":"https:\/\/api.w.org\/{rel}","templated":true}]}}