{"id":63718,"date":"2019-10-08T07:30:00","date_gmt":"2019-10-08T11:30:00","guid":{"rendered":"https:\/\/linitiative.ca\/International\/commerce-mondial-les-echanges-au-plus-bas-depuis-une-decennie\/"},"modified":"2019-10-08T07:30:00","modified_gmt":"2019-10-08T11:30:00","slug":"commerce-mondial-les-echanges-au-plus-bas-depuis-une-decennie","status":"publish","type":"post","link":"https:\/\/linitiative.ca\/International\/commerce-mondial-les-echanges-au-plus-bas-depuis-une-decennie\/","title":{"rendered":"Commerce mondial: Les \u00e9changes au plus bas depuis une d\u00e9cennie"},"content":{"rendered":"<div readability=\"37\">\n<p>L\u2019OMC r\u00e9duit de moiti\u00e9 ses pr\u00e9visions pour 2019<\/p>\n<p>L\u2019Asie et l\u2019Am\u00e9rique du Nord les plus touch\u00e9es<\/p>\n<p>En cause, les conflits commer\u00adciaux et g\u00e9opolitiques<\/p>\n<\/div>\n<div readability=\"116.5\">\n<div class=\"dnd-atom-wrapper type-image context-sdl_editor_representation atom-align-right\" contenteditable=\"false\" readability=\"32\">\n<div class=\"dnd-drop-wrapper image\"><img loading=\"lazy\" decoding=\"async\" typeof=\"foaf:Image\" class=\"img-responsive\" src=\"https:\/\/www.leconomiste.com\/sites\/default\/files\/eco7\/public\/thumbnails\/image\/commerce_mondial_008.jpg\" width=\"425\" height=\"291\" alt=\"commerce_mondial_008.jpg\" title=\"commerce_mondial_008.jpg\"\/><\/div>\n<div class=\"dnd-legend-wrapper\" contenteditable=\"true\" readability=\"9\">\n<p class=\"rtejustify\">Le ralentissement de la croissance \u00e9conomique combin\u00e9 aux tensions commerciales ont lourdement impact\u00e9 les \u00e9changes. D\u2019o\u00f9 la r\u00e9duction de moiti\u00e9 des pr\u00e9visions de l\u2019OMC pour l\u2019ann\u00e9e 2019 <em>(Ph. AFP)<\/em><\/p>\n<\/div>\n<\/div>\n<p class=\"rtejustify\">Les perspectives s\u2019assombrissent pour le commerce mondial. L\u2019Organisa\u00adtion mondiale du commerce (OMC) vient d\u2019abaisser ses pr\u00e9visions de croissance du commerce mondial de marchandises \u00e0 1,2% en 2019, contre 2,6% attendus jusqu\u2019ici. Pour l\u2019ann\u00e9e 2020, l\u2019OMC reste optimiste, ses pr\u00e9visions n\u2019\u00e9tant que l\u00e9g\u00e8\u00adrement revues en baisse, \u00e0 2,7%, contre 3% auparavant.<\/p>\n<p class=\"rtejustify\">C\u2019est en Am\u00e9rique du Nord et en Asie, deux r\u00e9gions touch\u00e9es par la guerre com\u00admerciale entre la Chine et les Etats-Unis, que la chute est la plus spectaculaire. Le rythme de croissance du commerce ext\u00e9\u00adrieur pourrait tomber en Am\u00e9rique du Nord de 4,3% en 2018 \u00e0 1,5% cette ann\u00e9e et de 3,8% \u00e0 1,8% en Asie.<\/p>\n<p class=\"rtejustify\">Le commerce des services, plus difficile \u00e0 mesurer, a com\u00admenc\u00e9 \u00e0 stagner. Selon S\u00e9bastien Jean, directeur du Centre d\u2019\u00e9tudes prospectives et d\u2019informations internationales, le com\u00admerce mondial prend la direction d\u2019une croissance nulle.<\/p>\n<p class=\"rtejustify\">L\u2019OMC invoque le ralentissement de la croissance mondiale et les tensions com\u00admerciales pour justifier ces nouvelles pr\u00e9\u00advisions. En 2019, les Etats-Unis ont conti\u00adnu\u00e9 d\u2019augmenter leurs droits de douane sur une partie des importations chinoises, principalement des biens interm\u00e9diaires et menacent de les \u00e9tendre \u00e0 l\u2019ensemble des produits import\u00e9s d\u2019ici la fin de l\u2019ann\u00e9e.<\/p>\n<p class=\"rtejustify\">Ces tensions sapent la confiance des entre\u00adprises, qui pr\u00e9f\u00e8rent reporter leurs inves\u00adtissements. L\u2019OMC mesure la mont\u00e9e des incertitudes de deux mani\u00e8res. D\u2019abord en utilisant l\u2019indice Global Economic Policy Uncertainty, qui calcule la fr\u00e9quence des mots-cl\u00e9s relatifs \u00e0 l\u2019incertitude dans les rapports et \u00e9tudes publi\u00e9s dans le monde entier. Celui-ci a tripl\u00e9 en un an.<\/p>\n<p class=\"rtejustify\">Pour Roberto Azev\u00eado, directeur g\u00e9\u00adn\u00e9ral de l\u2019Organisation, \u00ables perspectives du commerce sont d\u00e9courageantes mais pas inattendues\u00bb. Au-del\u00e0 de leurs effets directs, les conflits commerciaux renforcent l\u2019incertitude, ce qui am\u00e8ne certaines en\u00adtreprises \u00e0 reporter des investissements n\u00e9cessaires \u00e0 la productivit\u00e9 mais aussi \u00e0 la cr\u00e9ation d\u2019emplois.<\/p>\n<p class=\"rtejustify\">\u00abLa r\u00e9solution des d\u00e9saccords commerciaux permettrait aux\u00a0 membres de l\u2019OMC d\u2019\u00e9viter ces co\u00fbts\u00bb, ajoute-t-il. Si la mont\u00e9e des tensions com\u00admerciales explique en grande partie cette r\u00e9vision \u00e0 la baisse, l\u2019OMC met \u00e9galement en avant \u00abdes facteurs cycliques et struc\u00adturels propres \u00e0 chaque pays, y compris l\u2019\u00e9volution de l\u2019orientation de la politique mon\u00e9taire dans les pays d\u00e9velopp\u00e9s et l\u2019in\u00adcertitude li\u00e9e au Brexit dans l\u2019Union euro\u00adp\u00e9enne. Les risques macro\u00e9conomiques sont clairement des risques baissiers\u00bb.<\/p>\n<p class=\"rtejustify\">En clair, la situation pourrait encore se d\u00e9grader. \u00abD\u2019autres mesures tarifaires et de r\u00e9torsion pourraient aggraver la situa\u00adtion. Des politiques mon\u00e9taires et budg\u00e9\u00adtaires changeantes pourraient d\u00e9stabiliser des march\u00e9s financiers volatils.<\/p>\n<p class=\"rtejustify\">Un ralen\u00adtissement plus marqu\u00e9 de l\u2019\u00e9conomie mondiale pourrait causer une contraction du commerce encore plus importante. Enfin, un Brexit chaotique pourrait avoir un impact r\u00e9gional notable, principalement limit\u00e9 \u00e0 l\u2019Europe, avancent les analystes de l\u2019OMC.<\/p>\n<blockquote readability=\"26\">\n<p class=\"rtecenter\"><strong><span class=\"c4\">Mesures pour endiguer la baisse<\/span><\/strong><\/p>\n<p class=\"rtejustify\">L\u2019OMC salue les mesures prises par certains pays pour limiter la casse. \u00abL\u2019assouplissement mon\u00e9taire dans les pays d\u00e9velopp\u00e9s n\u2019a pas eu d\u2019impact majeur \u00e0 ce jour mais il devrait se faire sentir vers la fin de l\u2019ann\u00e9e 2019 et en 2020\u00bb, pr\u00e9dit l\u2019Organisation. Toutefois, la balance des risques penche toujours vers une d\u00e9t\u00e9rioration, puisque les diff\u00e9rends commerciaux, la volatilit\u00e9 finan\u00adci\u00e8re et les tensions g\u00e9opolitiques persistent. L\u2019OMC rappelle qu\u2019au premier semestre 2019, le commerce mondial des marchandises a enregistr\u00e9 une hausse de 0,6% sur un an. Cela marque un ralentissement notable par rapport aux derni\u00e8res ann\u00e9es. Les exportations des \u00e9conomies d\u00e9velopp\u00e9es enregistrent une hausse d\u2019\u00e0 peine 0,2% depuis janvier de cette ann\u00e9e, contre 1,3% pour les \u00e9conomies en d\u00e9veloppement. S\u2019agissant des importations, les \u00e9conomies d\u00e9ve\u00adlopp\u00e9es ont enregistr\u00e9 une croissance de 1,1% en glissement annuel, tandis que les pays en d\u00e9veloppement ont accus\u00e9 un d\u00e9clin de 0,4%.<br \/>Preuve que la zone euro est particuli\u00e8rement affect\u00e9e, l\u2019OCDE observe au 2e trimestre un recul de ses exportations et de ses importations de 3,2% et de 3,6% par rapport \u00e0 la m\u00eame p\u00e9riode de 2018.<\/p>\n<\/blockquote>\n<p class=\"rtejustify\"><em>A. G.<\/em><\/p>\n<p class=\"rtejustify\">\u00a0<\/p>\n<\/div>\n<p>Auteur: hlafriqi<br \/>\n<a href=\"https:\/\/www.leconomiste.com\/article\/1051253-commerce-mondial-les-echanges-au-plus-bas-depuis-une-decennie\">Cliquez ici pour lire l&rsquo;article depuis sa source.<\/a><\/p>\n","protected":false},"excerpt":{"rendered":"<p>L\u2019OMC r\u00e9duit de moiti\u00e9 ses pr\u00e9visions pour 2019 L\u2019Asie et l\u2019Am\u00e9rique du Nord les plus touch\u00e9es En cause, les conflits commer\u00adciaux et g\u00e9opolitiques Le ralentissement de la croissance \u00e9conomique combin\u00e9 aux tensions commerciales ont lourdement impact\u00e9 les \u00e9changes. D\u2019o\u00f9 la r\u00e9duction de moiti\u00e9 des pr\u00e9visions de l\u2019OMC pour l\u2019ann\u00e9e 2019 (Ph. AFP) Les perspectives s\u2019assombrissent [&hellip;]<\/p>\n","protected":false},"author":1763,"featured_media":63719,"comment_status":"closed","ping_status":"closed","sticky":false,"template":"","format":"standard","meta":{"fifu_image_url":"","fifu_image_alt":"","footnotes":""},"categories":[78,54],"tags":[],"class_list":["post-63718","post","type-post","status-publish","format-standard","has-post-thumbnail","hentry","category-economie","category-maroc"],"_links":{"self":[{"href":"https:\/\/linitiative.ca\/International\/wp-json\/wp\/v2\/posts\/63718","targetHints":{"allow":["GET"]}}],"collection":[{"href":"https:\/\/linitiative.ca\/International\/wp-json\/wp\/v2\/posts"}],"about":[{"href":"https:\/\/linitiative.ca\/International\/wp-json\/wp\/v2\/types\/post"}],"author":[{"embeddable":true,"href":"https:\/\/linitiative.ca\/International\/wp-json\/wp\/v2\/users\/1763"}],"replies":[{"embeddable":true,"href":"https:\/\/linitiative.ca\/International\/wp-json\/wp\/v2\/comments?post=63718"}],"version-history":[{"count":0,"href":"https:\/\/linitiative.ca\/International\/wp-json\/wp\/v2\/posts\/63718\/revisions"}],"wp:featuredmedia":[{"embeddable":true,"href":"https:\/\/linitiative.ca\/International\/wp-json\/"}],"wp:attachment":[{"href":"https:\/\/linitiative.ca\/International\/wp-json\/wp\/v2\/media?parent=63718"}],"wp:term":[{"taxonomy":"category","embeddable":true,"href":"https:\/\/linitiative.ca\/International\/wp-json\/wp\/v2\/categories?post=63718"},{"taxonomy":"post_tag","embeddable":true,"href":"https:\/\/linitiative.ca\/International\/wp-json\/wp\/v2\/tags?post=63718"}],"curies":[{"name":"wp","href":"https:\/\/api.w.org\/{rel}","templated":true}]}}