{"id":63730,"date":"2019-10-07T20:00:00","date_gmt":"2019-10-08T00:00:00","guid":{"rendered":"https:\/\/linitiative.ca\/International\/election-presidentielle-le-president-de-lautorite-nationale-independante-des-elections-mohamed-charfi-permettre-aux-citoyens-de-decider-en-toute-souverainete\/"},"modified":"2019-10-07T20:00:00","modified_gmt":"2019-10-08T00:00:00","slug":"election-presidentielle-le-president-de-lautorite-nationale-independante-des-elections-mohamed-charfi-permettre-aux-citoyens-de-decider-en-toute-souverainete","status":"publish","type":"post","link":"https:\/\/linitiative.ca\/International\/election-presidentielle-le-president-de-lautorite-nationale-independante-des-elections-mohamed-charfi-permettre-aux-citoyens-de-decider-en-toute-souverainete\/","title":{"rendered":"Election pr\u00e9sidentielle, Le pr\u00e9sident de l\u2019Autorit\u00e9 nationale ind\u00e9pendante des \u00e9lections, Mohamed Charfi : \u00ab Permettre aux citoyens de d\u00e9cider en toute souverainet\u00e9 \u00bb"},"content":{"rendered":"<p><strong>Gharda\u00efa : installation du coordinateur et des membres de la d\u00e9l\u00e9gation de wilaya de l\u2019Autorit\u00e9.<\/strong><\/p>\n<p>Le pr\u00e9sident de l&rsquo;Autorit\u00e9 nationale ind\u00e9pendante des \u00e9lections (ANIE), Mohamed Charfi, a proc\u00e9d\u00e9 hier \u00e0 Ghardaia \u00e0 l\u2019installation du coordinateur et des sept membres de la d\u00e9l\u00e9gation dans cette wilaya. Intervenant lors de la c\u00e9r\u00e9monie d\u2019installation, M. Charfi a indiqu\u00e9 que l&rsquo;ANIE s\u2019att\u00e8le \u00e0 \u00abr\u00e9unir les conditions propices pour le libre choix du citoyen d\u2019exercer son devoir et son droit \u00e9lectoral et d\u2019\u00e9lire la personne efficiente selon ses convictions.\u00bb La participation des citoyens \u00e0 la prochaine \u00e9lection pr\u00e9sidentielle constitue \u00abun moyen de faire sortir l\u2019Alg\u00e9rie d\u2019un tunnel sans issue vers la lumi\u00e8re et la paix, pour \u00e9difier un Etat de droit et de justice\u00bb, a-t-il soulign\u00e9.<br \/>La prochaine pr\u00e9sidentielle \u00abpermettra aux citoyens de d\u00e9cider en toute souverainet\u00e9 de leur avenir, en choisissant leur Pr\u00e9sident de la R\u00e9publique qui sortira le pays de la crise que nous vivons\u00bb. Rappelant les pr\u00e9rogatives des d\u00e9l\u00e9gations de wilaya , M.\u2008Charfi a pr\u00e9cis\u00e9 que les membres des d\u00e9l\u00e9gations \u00abont un r\u00f4le d\u2019autorit\u00e9 pour garantir une concurrence loyale en veillant \u00e0 la mise en place des conditions permettant d&rsquo;atteindre cet objectif\u00bb. Le coordinateur de la wilaya de Ghardaia, Cheikh Ouled Belkheir, est docteur hydraulicien et chef de d\u00e9partement hydraulique \u00e0 l\u2019Universit\u00e9 de Ghardaia. Au terme de la c\u00e9r\u00e9monie d&rsquo;installation, M. Charfi a visit\u00e9 les locaux de la d\u00e9l\u00e9gation de la wilaya vde Ghardaia. La d\u00e9l\u00e9gation de l\u2019ANIE dans la wilaya d\u2019Adrar, compos\u00e9e d\u2019Ali Zine El-Abidine et de huit collaborateurs, a \u00e9t\u00e9 install\u00e9e dans la matin\u00e9e par des membres de cette instance lors d\u2019une c\u00e9r\u00e9monie \u00e0 laquelle ont assist\u00e9 des repr\u00e9sentants de la soci\u00e9t\u00e9 civile.<\/p>\n<p>Auteur: elmoudjahid<br \/>\n<a href=\"http:\/\/www.elmoudjahid.com\/fr\/actualites\/142899\">Cliquez ici pour lire l&rsquo;article depuis sa source.<\/a><\/p>\n","protected":false},"excerpt":{"rendered":"<p>Gharda\u00efa : installation du coordinateur et des membres de la d\u00e9l\u00e9gation de wilaya de l\u2019Autorit\u00e9. Le pr\u00e9sident de l&rsquo;Autorit\u00e9 nationale ind\u00e9pendante des \u00e9lections (ANIE), Mohamed Charfi, a proc\u00e9d\u00e9 hier \u00e0 Ghardaia \u00e0 l\u2019installation du coordinateur et des sept membres de la d\u00e9l\u00e9gation dans cette wilaya. Intervenant lors de la c\u00e9r\u00e9monie d\u2019installation, M. Charfi a indiqu\u00e9 [&hellip;]<\/p>\n","protected":false},"author":1744,"featured_media":0,"comment_status":"closed","ping_status":"closed","sticky":false,"template":"","format":"standard","meta":{"fifu_image_url":"","fifu_image_alt":"","footnotes":""},"categories":[73,53],"tags":[],"class_list":["post-63730","post","type-post","status-publish","format-standard","hentry","category-actualite","category-algerie"],"_links":{"self":[{"href":"https:\/\/linitiative.ca\/International\/wp-json\/wp\/v2\/posts\/63730","targetHints":{"allow":["GET"]}}],"collection":[{"href":"https:\/\/linitiative.ca\/International\/wp-json\/wp\/v2\/posts"}],"about":[{"href":"https:\/\/linitiative.ca\/International\/wp-json\/wp\/v2\/types\/post"}],"author":[{"embeddable":true,"href":"https:\/\/linitiative.ca\/International\/wp-json\/wp\/v2\/users\/1744"}],"replies":[{"embeddable":true,"href":"https:\/\/linitiative.ca\/International\/wp-json\/wp\/v2\/comments?post=63730"}],"version-history":[{"count":0,"href":"https:\/\/linitiative.ca\/International\/wp-json\/wp\/v2\/posts\/63730\/revisions"}],"wp:attachment":[{"href":"https:\/\/linitiative.ca\/International\/wp-json\/wp\/v2\/media?parent=63730"}],"wp:term":[{"taxonomy":"category","embeddable":true,"href":"https:\/\/linitiative.ca\/International\/wp-json\/wp\/v2\/categories?post=63730"},{"taxonomy":"post_tag","embeddable":true,"href":"https:\/\/linitiative.ca\/International\/wp-json\/wp\/v2\/tags?post=63730"}],"curies":[{"name":"wp","href":"https:\/\/api.w.org\/{rel}","templated":true}]}}