{"id":63731,"date":"2019-10-07T20:00:00","date_gmt":"2019-10-08T00:00:00","guid":{"rendered":"https:\/\/linitiative.ca\/International\/presidentielle-du-12-decembre-evolution-positive\/"},"modified":"2019-10-07T20:00:00","modified_gmt":"2019-10-08T00:00:00","slug":"presidentielle-du-12-decembre-evolution-positive","status":"publish","type":"post","link":"https:\/\/linitiative.ca\/International\/presidentielle-du-12-decembre-evolution-positive\/","title":{"rendered":"Pr\u00e9sidentielle du 12 d\u00e9cembre : \u00c9volution positive"},"content":{"rendered":"<p>\u00abLe climat est de mieux en mieux favorable pour r\u00e9ussir la prochaine pr\u00e9sidentielle du 12 d\u00e9cembre et le processus engag\u00e9 en pr\u00e9vision de ce rendez-vous d\u00e9cisif et d\u00e9terminant pour l\u2019avenir de la nation qui s\u2019\u00e9mancipe chaque jour des contraintes rencontr\u00e9es\u00bb. Les propos sont de M.\u2008Ali Dra\u00e2, charg\u00e9 de communication de l\u2019Autorit\u00e9 ind\u00e9pendante des \u00e9lections (ANIE) qui pr\u00e9dit ainsi d\u2019un franc succ\u00e8s du rendez-vous \u00e9lectoral dont un peu plus de deux mois nous s\u00e9parent du jour J.<br \/>Faisant part d\u2019un satisfecit b\u00e9at quant \u00e0 l\u2019issue de la r\u00e9vision exceptionnelle des listes \u00e9lectorales, M. Ali Dra\u00e2 fera observer que parall\u00e8lement \u00e0 cette op\u00e9ration cl\u00f4tur\u00e9e dimanche dernier, les membres de postulants pour le poste de la magistrature supr\u00eame ne cesse d\u2019augmenter. \u00abLe dernier chiffre enregistr\u00e9 fait \u00e9tat de 131 candidats ayant retir\u00e9 les formulaires d\u2019inscription de candidature\u00bb indique notre interlocuteur qui n\u2019exclut pas l\u2019\u00e9ventualit\u00e9 de voir le nombre de pr\u00e9tendants atteindre la barre des 150, voire plus. Il assure en outre, que l\u2019op\u00e9ration de collecte et de validations des signatures se d\u00e9roule dans \u00abd\u2019excellentes conditions\u00bb, saluant au passage le contribution des notaires, des huissiers de justice, des commissaires priseurs et des secr\u00e9taires g\u00e9n\u00e9raux des APC qui, selon lui, n\u2019ont m\u00e9nag\u00e9 aucun effort pour faire face aux difficult\u00e9s rencontr\u00e9es et garantir de surcro\u00eet la r\u00e9ussite de cette proc\u00e9dure dans le cadre \u00e9dict\u00e9 par la loi en vigueur.\u00a0 Il a rappel\u00e9 \u00e0 ce propos que le pr\u00e9sident de l\u2019ANIE, Mohamed Charfi, avait menac\u00e9 de proc\u00e9der \u00e0 la saisine du parquet en cas de blocage du processus \u00e9lectoral, plus particuli\u00e8rement dans son volet li\u00e9 \u00e0 la validation des signatures. Les dispositions particuli\u00e8res et p\u00e9nales telles que soulign\u00e9es dans l\u2019expos\u00e9 des motifs de la loi organique relative l\u2019ANIE soulignent \u00e0 ce sujet que les agents charg\u00e9s des \u00e9lections au niveau des wilayas et des communes sont mis \u00e0 la disposition de cette autorit\u00e9 ind\u00e9pendante. Toute personne qui s\u2019oppose, entrave o\u00f9 s\u2019abstient volontairement \u00e0 l\u2019ex\u00e9cution des d\u00e9cisions de l\u2019ANIE est soumise \u00e0 des sanctions, est-il not\u00e9 dans le m\u00eame texte de loi.<br \/>\u00a0Ceci dit, si en ce sens aucune plainte n\u2019a \u00e9t\u00e9 rendue publique \u00e0 ce jour, cela certifie, selon toute vraisemblance, que le blocage appr\u00e9hend\u00e9 n\u2019a pas eu lieu gr\u00e2ce notamment \u00e0 la mobilisation des notaires et des huissiers de justice par l\u2019ANIE qui s\u2019est ainsi av\u00e9r\u00e9 \u00eatre une alternative concluante.\u00a0 L\u2019ANIE se charge exclusivement en outre de la r\u00e9ception, de l\u2019\u00e9tude de l\u2019ensemble des dossiers des postulants pour la prochaine pr\u00e9sidentielle et d\u2019y statuer conform\u00e9ment aux dispositions de la loi organique relative au r\u00e9gime \u00e9lectoral. Dans le cas o\u00f9 l\u2019un des dossiers des postulants est rejet\u00e9 par l\u2019ANIE, le concern\u00e9 dispose de droit de recours aupr\u00e8s du Conseil constitutionnel.<br \/>La d\u00e9claration de candidature \u00e0 la pr\u00e9sidence de la R\u00e9publique r\u00e9sulte, rappelle-t-on du d\u00e9p\u00f4t, par le candidat lui-m\u00eame, d\u2019une demande d&rsquo;enregistrement aupr\u00e8s du pr\u00e9sident de l&rsquo;ANIE, stipule la nouvelle loi relative au r\u00e9gime \u00e9lectoral, exigeant en outre la nationalit\u00e9 alg\u00e9rienne d&rsquo;origine pour le candidat qui doit \u00eatre \u00e9galement titulaire d&rsquo;un dipl\u00f4me universitaire ou d&rsquo;un dipl\u00f4me \u00e9quivalent. L&rsquo;ANIE a la charge de pr\u00e9parer les \u00e9lections, de les organiser, de les g\u00e9rer et de les superviser et ce, d\u00e8s le d\u00e9but de l\u2019op\u00e9ration d&rsquo;inscription sur les listes \u00e9lectorales et leurs r\u00e9visions ainsi que les d\u00e9marches de pr\u00e9paration de l&rsquo;op\u00e9ration \u00e9lectorale, des op\u00e9rations de vote, de d\u00e9pouillement et se prononcent sur le contentieux \u00e9lectoral jusqu&rsquo;\u00e0 l&rsquo;annonce des r\u00e9sultats provisoires.<br \/>Karim Aoudia<\/p>\n<p>Auteur: elmoudjahid<br \/>\n<a href=\"http:\/\/www.elmoudjahid.com\/fr\/actualites\/142900\">Cliquez ici pour lire l&rsquo;article depuis sa source.<\/a><\/p>\n","protected":false},"excerpt":{"rendered":"<p>\u00abLe climat est de mieux en mieux favorable pour r\u00e9ussir la prochaine pr\u00e9sidentielle du 12 d\u00e9cembre et le processus engag\u00e9 en pr\u00e9vision de ce rendez-vous d\u00e9cisif et d\u00e9terminant pour l\u2019avenir de la nation qui s\u2019\u00e9mancipe chaque jour des contraintes rencontr\u00e9es\u00bb. Les propos sont de M.\u2008Ali Dra\u00e2, charg\u00e9 de communication de l\u2019Autorit\u00e9 ind\u00e9pendante des \u00e9lections (ANIE) [&hellip;]<\/p>\n","protected":false},"author":1744,"featured_media":0,"comment_status":"closed","ping_status":"closed","sticky":false,"template":"","format":"standard","meta":{"fifu_image_url":"","fifu_image_alt":"","footnotes":""},"categories":[73,53],"tags":[],"class_list":["post-63731","post","type-post","status-publish","format-standard","hentry","category-actualite","category-algerie"],"_links":{"self":[{"href":"https:\/\/linitiative.ca\/International\/wp-json\/wp\/v2\/posts\/63731","targetHints":{"allow":["GET"]}}],"collection":[{"href":"https:\/\/linitiative.ca\/International\/wp-json\/wp\/v2\/posts"}],"about":[{"href":"https:\/\/linitiative.ca\/International\/wp-json\/wp\/v2\/types\/post"}],"author":[{"embeddable":true,"href":"https:\/\/linitiative.ca\/International\/wp-json\/wp\/v2\/users\/1744"}],"replies":[{"embeddable":true,"href":"https:\/\/linitiative.ca\/International\/wp-json\/wp\/v2\/comments?post=63731"}],"version-history":[{"count":0,"href":"https:\/\/linitiative.ca\/International\/wp-json\/wp\/v2\/posts\/63731\/revisions"}],"wp:attachment":[{"href":"https:\/\/linitiative.ca\/International\/wp-json\/wp\/v2\/media?parent=63731"}],"wp:term":[{"taxonomy":"category","embeddable":true,"href":"https:\/\/linitiative.ca\/International\/wp-json\/wp\/v2\/categories?post=63731"},{"taxonomy":"post_tag","embeddable":true,"href":"https:\/\/linitiative.ca\/International\/wp-json\/wp\/v2\/tags?post=63731"}],"curies":[{"name":"wp","href":"https:\/\/api.w.org\/{rel}","templated":true}]}}