{"id":63732,"date":"2019-10-07T20:00:00","date_gmt":"2019-10-08T00:00:00","guid":{"rendered":"https:\/\/linitiative.ca\/International\/association-des-oulemas-musulmans-algeriens-une-revendication-populaire\/"},"modified":"2019-10-07T20:00:00","modified_gmt":"2019-10-08T00:00:00","slug":"association-des-oulemas-musulmans-algeriens-une-revendication-populaire","status":"publish","type":"post","link":"https:\/\/linitiative.ca\/International\/association-des-oulemas-musulmans-algeriens-une-revendication-populaire\/","title":{"rendered":"Association des Oul\u00e9mas musulmans alg\u00e9riens :    Une revendication populaire"},"content":{"rendered":"<p>Alors qu\u2019elle avait appuy\u00e9 le mouvement populaire et ses revendications d\u00e8s son amorce, l&rsquo;Association des Oul\u00e9mas musulmans alg\u00e9riens vient de r\u00e9affirmer ses positions par rapport \u00e0 la tenue du prochain rendez vous \u00e9lectorale pr\u00e9vue le 12 d\u00e9cembre, en soutenant favorablement cette \u00e9ch\u00e9ance.<br \/>Dans son communiqu\u00e9 rendu public \u00e0 l\u2019issue de la r\u00e9union tenue samedi dernier, au si\u00e8ge de Nadi Ettarraqi \u00e0 Alger, qui a regroup\u00e9 les repr\u00e9sentants des sections locales de l\u2019association, et les responsables des bureaux de wilayas, l\u2019association a appel\u00e9 \u00e0 l\u2019acc\u00e9l\u00e9ration du processus pour l\u2019\u00e9lection d\u2019un pr\u00e9sident \u00aben r\u00e9ponse \u00e0 la volont\u00e9 de la majorit\u00e9\u00bb des Alg\u00e9riens.<br \/>C\u2019est d\u2019ailleurs dans cette optique que l\u2019association a exprim\u00e9 par le biais de son pr\u00e9sident, \u00abses craintes\u00bb quant aux menaces et risques sur la stabilit\u00e9 et la s\u00e9curit\u00e9 du pays \u00absi le vide au sommet de l\u2019Etat persiste\u00bb. Les craintes exprim\u00e9es par les membres de l\u2019association illustrent l\u2019attachement des Oul\u00e9mas \u00e0 \u00abla pr\u00e9servation de la s\u00e9r\u00e9nit\u00e9 dans un climat de s\u00e9curit\u00e9 et de stabilit\u00e9, selon le principe fondamental qui met \u00abl\u2019int\u00e9r\u00eat de la nation et du pays au dessous de tout calcul politicien\u00bb, souligne le communiqu\u00e9.<br \/>Dans le m\u00eame contexte, l\u2019association tient \u00e0 pr\u00e9ciser que pour garantir la transparence des \u00e9lections \u00abil est imp\u00e9ratif d\u2019\u00e9loigner tous ceux qui ont un pass\u00e9 peu glorieux, et tous ceux qui se sont m\u00eal\u00e9s des affaires de la corruption, et les impliqu\u00e9s dans le jeu des int\u00e9r\u00eats mesquins et qui par leur malhonn\u00eatet\u00e9 ont contribu\u00e9 \u00e0 ruiner les richesses du pays\u00bb.<br \/>Tout en appelant \u00e0 la n\u00e9cessit\u00e9 d\u2019assurer les meilleures conditions pour garantir la transparence du prochain scrutin, l\u2019association a \u00e9galement plaid\u00e9 pour l\u2019\u00e9largissement du champ d\u2019expression et des espaces m\u00e9diatiques au profit de tous les acteurs de la soci\u00e9t\u00e9 \u00abquelle que soit leur appartenance id\u00e9ologique ou leur orientation politique\u00bb car, selon ses membres, c\u2019est dans la diversit\u00e9 des \u00e9changes, \u00abque le d\u00e9bat sur les enjeux actuels et l\u2019avenir du pays se fructifie s\u2019enrichit et permet ainsi, d\u2019aplanir toutes les divergences\u00bb estiment les Oul\u00e9mas.<br \/>S\u2019agissant des campagnes visant \u00e0 d\u00e9tourner les Alg\u00e9riens des objectifs qu\u2019ils ont trac\u00e9s lors du d\u00e9clenchement du Hirak, les Oul\u00e9mas sugg\u00e8rent de \u00abcr\u00e9er des commissions autonomes pour mener des campagnes pour expliquer, sensibiliser et persuader les jeunes notamment quant \u00e0 leur devoir national et qui se cristallise dans l\u2019acte de voter\u00bb.<br \/>Dans ce sillage, l\u2019association appelle \u00e0 mobiliser tous les moyens et \u00e0 poursuivre la recherche d\u2019une solution \u00abconsensuelle\u00bb pouvant \u00abmat\u00e9rialiser\u00bb les revendications populaires pour un avenir \u00abradieux\u00bb car, ajoute le communiqu\u00e9 \u00able risque de bouder les \u00e9lections pourrait cr\u00e9er un impact n\u00e9gatif, et une crise de confiance quant \u00e0 la sinc\u00e9rit\u00e9 des pouvoirs publiques et les efforts consenties pour sortir le pays de sa crise politique\u00bb. \u00abPar le consentement, les Alg\u00e9riens devront choisir librement leurs repr\u00e9sentants\u00bb, lit-on dans le communiqu\u00e9. Ces repr\u00e9sentants ne seront autres que les comp\u00e9tences nationales jouissant de cr\u00e9dibilit\u00e9, de neutralit\u00e9 et d&rsquo;impartialit\u00e9 qui doivent montrer leur aptitude \u00e0 assumer les responsabilit\u00e9s que les citoyens leur conf\u00e8rent par l\u2019\u00e9lection.<br \/>Tahar Kaidi<\/p>\n<p>Auteur: elmoudjahid<br \/>\n<a href=\"http:\/\/www.elmoudjahid.com\/fr\/actualites\/142901\">Cliquez ici pour lire l&rsquo;article depuis sa source.<\/a><\/p>\n","protected":false},"excerpt":{"rendered":"<p>Alors qu\u2019elle avait appuy\u00e9 le mouvement populaire et ses revendications d\u00e8s son amorce, l&rsquo;Association des Oul\u00e9mas musulmans alg\u00e9riens vient de r\u00e9affirmer ses positions par rapport \u00e0 la tenue du prochain rendez vous \u00e9lectorale pr\u00e9vue le 12 d\u00e9cembre, en soutenant favorablement cette \u00e9ch\u00e9ance.Dans son communiqu\u00e9 rendu public \u00e0 l\u2019issue de la r\u00e9union tenue samedi dernier, au [&hellip;]<\/p>\n","protected":false},"author":1744,"featured_media":0,"comment_status":"closed","ping_status":"closed","sticky":false,"template":"","format":"standard","meta":{"fifu_image_url":"","fifu_image_alt":"","footnotes":""},"categories":[73,53],"tags":[],"class_list":["post-63732","post","type-post","status-publish","format-standard","hentry","category-actualite","category-algerie"],"_links":{"self":[{"href":"https:\/\/linitiative.ca\/International\/wp-json\/wp\/v2\/posts\/63732","targetHints":{"allow":["GET"]}}],"collection":[{"href":"https:\/\/linitiative.ca\/International\/wp-json\/wp\/v2\/posts"}],"about":[{"href":"https:\/\/linitiative.ca\/International\/wp-json\/wp\/v2\/types\/post"}],"author":[{"embeddable":true,"href":"https:\/\/linitiative.ca\/International\/wp-json\/wp\/v2\/users\/1744"}],"replies":[{"embeddable":true,"href":"https:\/\/linitiative.ca\/International\/wp-json\/wp\/v2\/comments?post=63732"}],"version-history":[{"count":0,"href":"https:\/\/linitiative.ca\/International\/wp-json\/wp\/v2\/posts\/63732\/revisions"}],"wp:attachment":[{"href":"https:\/\/linitiative.ca\/International\/wp-json\/wp\/v2\/media?parent=63732"}],"wp:term":[{"taxonomy":"category","embeddable":true,"href":"https:\/\/linitiative.ca\/International\/wp-json\/wp\/v2\/categories?post=63732"},{"taxonomy":"post_tag","embeddable":true,"href":"https:\/\/linitiative.ca\/International\/wp-json\/wp\/v2\/tags?post=63732"}],"curies":[{"name":"wp","href":"https:\/\/api.w.org\/{rel}","templated":true}]}}