{"id":63733,"date":"2019-10-07T20:00:00","date_gmt":"2019-10-08T00:00:00","guid":{"rendered":"https:\/\/linitiative.ca\/International\/autorite-de-regulation-de-laudiovisuel-garantir-la-reussite-du-scrutin\/"},"modified":"2019-10-07T20:00:00","modified_gmt":"2019-10-08T00:00:00","slug":"autorite-de-regulation-de-laudiovisuel-garantir-la-reussite-du-scrutin","status":"publish","type":"post","link":"https:\/\/linitiative.ca\/International\/autorite-de-regulation-de-laudiovisuel-garantir-la-reussite-du-scrutin\/","title":{"rendered":"Autorit\u00e9 de r\u00e9gulation de l\u2019audiovisuel :  Garantir la r\u00e9ussite du scrutin"},"content":{"rendered":"<p>L&rsquo;Autorit\u00e9 de r\u00e9gulation de l&rsquo;audiovisuel (ARAV) a mis en avant, hier, son engagement \u00e0 jouer son r\u00f4le lors de la Pr\u00e9sidentielle du 12 d\u00e9cembre prochain, en coordination avec l&rsquo;Autorit\u00e9 nationale ind\u00e9pendante des \u00e9lections (ANIE) afin de garantir la r\u00e9ussite du scrutin pr\u00e9sidentiel, un rendez-vous crucial dans l&rsquo;histoire de la nation. \u00abL&rsquo;ARAV s&rsquo;acquittera de son r\u00f4le, dans le cadre de ses missions fix\u00e9es dans la loi 04-14, pour garantir la r\u00e9ussite du scrutin pr\u00e9sidentiel, un rendez-vous crucial dans l&rsquo;histoire de la nation, et conform\u00e9ment \u00e0 la loi organique 07-19 qui pr\u00e9voit dans son article 8 une coordination avec l&rsquo;Autorit\u00e9 nationale ind\u00e9pendante des \u00e9lections (ANIE) pour la r\u00e9partition \u00e9quitable de l&rsquo;acc\u00e8s aux m\u00e9dias audiovisuels nationaux, a soulign\u00e9 l&rsquo;ARAV dans un communiqu\u00e9.<br \/>\u00a0L&rsquo;ARAV s&rsquo;est dite confiante que les diff\u00e9rents medias audiovisuels nationaux publics et priv\u00e9s seront au \u00abrendez-vous\u00bb, au regard du contenu de leur message m\u00e9diatique, \u00e0 savoir \u00abl&rsquo;objectivit\u00e9, la partialit\u00e9 et le rejet de la provocation et de l&rsquo;alarmisme\u00bb, et \u00abseront \u00e0 la hauteur de cet \u00e9v\u00e9nement qui repr\u00e9sente la concr\u00e9tisation de la solution constitutionnelle \u00e0 la crise que connait le pays, \u00e0 travers l&rsquo;\u00e9lection d&rsquo;un pr\u00e9sident de la R\u00e9publique jouissant de la l\u00e9gitimit\u00e9 populaire pour exercer ses diff\u00e9rentes pr\u00e9rogatives constitutionnelles, et guider le pays vers la r\u00e9alisation des r\u00e9formes pr\u00e9vues dans les diff\u00e9rents domaines de mani\u00e8re \u00e0 renforcer l&rsquo;unit\u00e9 du peuple et \u00e0 dynamiser le processus du d\u00e9veloppement global\u00bb. Dans le m\u00eame cadre, l&rsquo;ARAV a estim\u00e9 que la prochaine pr\u00e9sidentielle \u00abconstitue une \u00e9tape cruciale \u00e9tant la solution constitutionnelle d&rsquo;une crise multidimensionnelle, notamment son volet institutionnel\u00bb, saluant la cr\u00e9ation de l&rsquo;ANIE qui \u00abr\u00e9pond au principe de la souverainet\u00e9 du peuple \u00e0 travers des \u00e9lections libres, transparentes, pluralistes et loyales qui refl\u00e8tent la volont\u00e9 du peuple et de son choix r\u00e9el\u00bb.<br \/>\u00a0<\/p>\n<p>Auteur: elmoudjahid<br \/>\n<a href=\"http:\/\/www.elmoudjahid.com\/fr\/actualites\/142902\">Cliquez ici pour lire l&rsquo;article depuis sa source.<\/a><\/p>\n","protected":false},"excerpt":{"rendered":"<p>L&rsquo;Autorit\u00e9 de r\u00e9gulation de l&rsquo;audiovisuel (ARAV) a mis en avant, hier, son engagement \u00e0 jouer son r\u00f4le lors de la Pr\u00e9sidentielle du 12 d\u00e9cembre prochain, en coordination avec l&rsquo;Autorit\u00e9 nationale ind\u00e9pendante des \u00e9lections (ANIE) afin de garantir la r\u00e9ussite du scrutin pr\u00e9sidentiel, un rendez-vous crucial dans l&rsquo;histoire de la nation. \u00abL&rsquo;ARAV s&rsquo;acquittera de son r\u00f4le, [&hellip;]<\/p>\n","protected":false},"author":1744,"featured_media":0,"comment_status":"closed","ping_status":"closed","sticky":false,"template":"","format":"standard","meta":{"fifu_image_url":"","fifu_image_alt":"","footnotes":""},"categories":[73,53],"tags":[],"class_list":["post-63733","post","type-post","status-publish","format-standard","hentry","category-actualite","category-algerie"],"_links":{"self":[{"href":"https:\/\/linitiative.ca\/International\/wp-json\/wp\/v2\/posts\/63733","targetHints":{"allow":["GET"]}}],"collection":[{"href":"https:\/\/linitiative.ca\/International\/wp-json\/wp\/v2\/posts"}],"about":[{"href":"https:\/\/linitiative.ca\/International\/wp-json\/wp\/v2\/types\/post"}],"author":[{"embeddable":true,"href":"https:\/\/linitiative.ca\/International\/wp-json\/wp\/v2\/users\/1744"}],"replies":[{"embeddable":true,"href":"https:\/\/linitiative.ca\/International\/wp-json\/wp\/v2\/comments?post=63733"}],"version-history":[{"count":0,"href":"https:\/\/linitiative.ca\/International\/wp-json\/wp\/v2\/posts\/63733\/revisions"}],"wp:attachment":[{"href":"https:\/\/linitiative.ca\/International\/wp-json\/wp\/v2\/media?parent=63733"}],"wp:term":[{"taxonomy":"category","embeddable":true,"href":"https:\/\/linitiative.ca\/International\/wp-json\/wp\/v2\/categories?post=63733"},{"taxonomy":"post_tag","embeddable":true,"href":"https:\/\/linitiative.ca\/International\/wp-json\/wp\/v2\/tags?post=63733"}],"curies":[{"name":"wp","href":"https:\/\/api.w.org\/{rel}","templated":true}]}}