{"id":63734,"date":"2019-10-07T20:00:00","date_gmt":"2019-10-08T00:00:00","guid":{"rendered":"https:\/\/linitiative.ca\/International\/zaouia-faire-barrage-a-la-radicalisation\/"},"modified":"2019-10-07T20:00:00","modified_gmt":"2019-10-08T00:00:00","slug":"zaouia-faire-barrage-a-la-radicalisation","status":"publish","type":"post","link":"https:\/\/linitiative.ca\/International\/zaouia-faire-barrage-a-la-radicalisation\/","title":{"rendered":"Zaou\u00efa : Faire barrage \u00e0 la radicalisation"},"content":{"rendered":"<p>Les participants \u00e0 une journ\u00e9e d\u2019\u00e9tude sur le r\u00f4le des zaou\u00efas dans la formation ont pr\u00f4n\u00e9, hier \u00e0 Gharda\u00efa, la n\u00e9cessit\u00e9 de faire connaitre les zaou\u00efas alg\u00e9riennes en vue de contribuer \u00e0 une orientation \u00e9ducative saine des nouvelles g\u00e9n\u00e9rations.\u00a0 Les intervenants ont mis l\u2019accent sur la place de choix des zaou\u00efas aux c\u00f4t\u00e9s d\u2019autres structures et institutions religieuses qui veillent \u00e0 la propagation et la diffusion des enseignements de l\u2019Islam et des valeurs de tol\u00e9rance et de mod\u00e9ration, conform\u00e9ment au r\u00e9f\u00e9rent religieux alg\u00e9rien. Les zaou\u00efas ont de tout temps jou\u00e9 un r\u00f4le fondamental dans la pr\u00e9servation de l\u2019identit\u00e9 religieuse des alg\u00e9riens et le renforcement de l\u2019unit\u00e9 de la Ouma (soci\u00e9t\u00e9), ont soulign\u00e9 les participants \u00e0 cette journ\u00e9e d\u2019\u00e9tude organis\u00e9e \u00e0 la zaouia El-Houda et El-Dia situ\u00e9e \u00e0 Bensmara, un quartier p\u00e9riph\u00e9rique de la ville de Gharda\u00efa.<\/p>\n<p>Auteur: elmoudjahid<br \/>\n<a href=\"http:\/\/www.elmoudjahid.com\/fr\/actualites\/142903\">Cliquez ici pour lire l&rsquo;article depuis sa source.<\/a><\/p>\n","protected":false},"excerpt":{"rendered":"<p>Les participants \u00e0 une journ\u00e9e d\u2019\u00e9tude sur le r\u00f4le des zaou\u00efas dans la formation ont pr\u00f4n\u00e9, hier \u00e0 Gharda\u00efa, la n\u00e9cessit\u00e9 de faire connaitre les zaou\u00efas alg\u00e9riennes en vue de contribuer \u00e0 une orientation \u00e9ducative saine des nouvelles g\u00e9n\u00e9rations.\u00a0 Les intervenants ont mis l\u2019accent sur la place de choix des zaou\u00efas aux c\u00f4t\u00e9s d\u2019autres structures [&hellip;]<\/p>\n","protected":false},"author":1744,"featured_media":0,"comment_status":"closed","ping_status":"closed","sticky":false,"template":"","format":"standard","meta":{"fifu_image_url":"","fifu_image_alt":"","footnotes":""},"categories":[73,53],"tags":[],"class_list":["post-63734","post","type-post","status-publish","format-standard","hentry","category-actualite","category-algerie"],"_links":{"self":[{"href":"https:\/\/linitiative.ca\/International\/wp-json\/wp\/v2\/posts\/63734","targetHints":{"allow":["GET"]}}],"collection":[{"href":"https:\/\/linitiative.ca\/International\/wp-json\/wp\/v2\/posts"}],"about":[{"href":"https:\/\/linitiative.ca\/International\/wp-json\/wp\/v2\/types\/post"}],"author":[{"embeddable":true,"href":"https:\/\/linitiative.ca\/International\/wp-json\/wp\/v2\/users\/1744"}],"replies":[{"embeddable":true,"href":"https:\/\/linitiative.ca\/International\/wp-json\/wp\/v2\/comments?post=63734"}],"version-history":[{"count":0,"href":"https:\/\/linitiative.ca\/International\/wp-json\/wp\/v2\/posts\/63734\/revisions"}],"wp:attachment":[{"href":"https:\/\/linitiative.ca\/International\/wp-json\/wp\/v2\/media?parent=63734"}],"wp:term":[{"taxonomy":"category","embeddable":true,"href":"https:\/\/linitiative.ca\/International\/wp-json\/wp\/v2\/categories?post=63734"},{"taxonomy":"post_tag","embeddable":true,"href":"https:\/\/linitiative.ca\/International\/wp-json\/wp\/v2\/tags?post=63734"}],"curies":[{"name":"wp","href":"https:\/\/api.w.org\/{rel}","templated":true}]}}