{"id":63735,"date":"2019-10-08T10:04:20","date_gmt":"2019-10-08T14:04:20","guid":{"rendered":"https:\/\/linitiative.ca\/International\/95383-ligue-1-francaise-de-football-slimani-nomine-au-titre-du-meilleur-joueur-du-mois\/"},"modified":"2019-10-08T10:04:20","modified_gmt":"2019-10-08T14:04:20","slug":"95383-ligue-1-francaise-de-football-slimani-nomine-au-titre-du-meilleur-joueur-du-mois","status":"publish","type":"post","link":"https:\/\/linitiative.ca\/International\/95383-ligue-1-francaise-de-football-slimani-nomine-au-titre-du-meilleur-joueur-du-mois\/","title":{"rendered":"Ligue 1 fran\u00e7aise de football : Slimani nomin\u00e9 au titre du meilleur joueur du mois"},"content":{"rendered":"<p><span class=\"sp-nh-title\">Cavusoglu : la Turquie accorde un grand int\u00e9r\u00eat \u00e0 ses relations avec l&rsquo;Alg\u00e9rie<\/span> &#8211; <span class=\"sp-nh-date\">mardi 8 octobre 2019 20:09<\/span><\/p>\n<p><span class=\"sp-nh-title\">Les agences de presse incontournables , mais appel\u00e9es \u00e0 s&rsquo;adapter notamment \u00e0 l&rsquo;audiovisuel<\/span> &#8211; <span class=\"sp-nh-date\">mardi 8 octobre 2019 19:51<\/span><\/p>\n<p><span class=\"sp-nh-title\">Bensalah et Bedoui examinent la situation socio-\u00e9conomique et politique du pays<\/span> &#8211; <span class=\"sp-nh-date\">mardi 8 octobre 2019 19:34<\/span><\/p>\n<p><span class=\"sp-nh-title\">Le Syndicat autonome des personnels de l&rsquo;administration publique appelle \u00e0 la r\u00e9vision de la loi sur la retraite<\/span> &#8211; <span class=\"sp-nh-date\">mardi 8 octobre 2019 19:23<\/span><\/p>\n<p><span class=\"sp-nh-title\">Agriculture : cr\u00e9ation d&rsquo;une cellule d&rsquo;\u00e9coute et d&rsquo;accompagnement des jeunes innovateurs<\/span> &#8211; <span class=\"sp-nh-date\">mardi 8 octobre 2019 19:15<\/span><\/p>\n<p><span class=\"sp-nh-title\">Djellab s&rsquo;entretient avec son homologue tunisien sur la coop\u00e9ration et le partenariat \u00e9conomique bilat\u00e9ral<\/span> &#8211; <span class=\"sp-nh-date\">mardi 8 octobre 2019 19:08<\/span><\/p>\n<p><span class=\"sp-nh-title\">Alger: des \u00e9coliers pour une journ\u00e9e de sensibilisation contre la pollution plastique<\/span> &#8211; <span class=\"sp-nh-date\">mardi 8 octobre 2019 19:07<\/span><\/p>\n<p><span class=\"sp-nh-title\">L&rsquo;ONM appelle les participants au Hirak \u00e0 pl\u00e9bisciter la personne qu&rsquo;ils jugent apte \u00e0 r\u00e9pondre \u00e0 leurs aspirations<\/span> &#8211; <span class=\"sp-nh-date\">mardi 8 octobre 2019 19:05<\/span><\/p>\n<p><span class=\"sp-nh-title\">Mostaganem : suspension du P\/APC d&rsquo;Ain Sidi Cherif<\/span> &#8211; <span class=\"sp-nh-date\">mardi 8 octobre 2019 19:04<\/span><\/p>\n<p><span class=\"sp-nh-title\">Revade 2019: Conna\u00eetre les nouveaut\u00e9s en techniques de recyclage des d\u00e9chets<\/span> &#8211; <span class=\"sp-nh-date\">mardi 8 octobre 2019 18:50<\/span><\/p>\n<p><span class=\"sp-nh-title\">Convention de coop\u00e9ration entre RAKM Conseil et l&rsquo;Ecole canadienne de l&rsquo;administration<\/span> &#8211; <span class=\"sp-nh-date\">mardi 8 octobre 2019 18:50<\/span><\/p>\n<p><span class=\"sp-nh-title\">Enseignement sup\u00e9rieur: un jumelage institutionnel entre l&rsquo;Alg\u00e9rie et l&rsquo;Espagne<\/span> &#8211; <span class=\"sp-nh-date\">mardi 8 octobre 2019 18:37<\/span><\/p>\n<p><span class=\"sp-nh-title\">Djellab: la ZLECAF profitera \u00e0 l&rsquo;Alg\u00e9rie pour peu que les initiatives soient lib\u00e9r\u00e9es<\/span> &#8211; <span class=\"sp-nh-date\">mardi 8 octobre 2019 18:26<\/span><\/p>\n<p><span class=\"sp-nh-title\">Mila : cr\u00e9ation d\u2019un atelier d\u2019art destin\u00e9 aux enfants autistes<\/span> &#8211; <span class=\"sp-nh-date\">mardi 8 octobre 2019 18:07<\/span><\/p>\n<p><span class=\"sp-nh-title\">Constantine : une caravane de sensibilisation pour pr\u00e9venir les risques d\u2019inondations<\/span> &#8211; <span class=\"sp-nh-date\">mardi 8 octobre 2019 17:43<\/span><\/p>\n<p><span class=\"sp-nh-title\">Belmadi : la RD Congo et la Colombie, deux adversaires de bon niveau pour l&rsquo;Alg\u00e9rie<\/span> &#8211; <span class=\"sp-nh-date\">mardi 8 octobre 2019 17:39<\/span><\/p>\n<p><span class=\"sp-nh-title\">Le ministre des Affaires \u00e9trang\u00e8res turc en visite, mardi et mercredi, \u00e0 Alger<\/span> &#8211; <span class=\"sp-nh-date\">mardi 8 octobre 2019 17:37<\/span><\/p>\n<p><span class=\"sp-nh-title\">L\u2019Autorit\u00e9 nationale ind\u00e9pendante des \u00e9lections, d\u00e9but d\u2019une Alg\u00e9rie nouvelle<\/span> &#8211; <span class=\"sp-nh-date\">mardi 8 octobre 2019 17:31<\/span><\/p>\n<p><span class=\"sp-nh-title\">Sahara occidental: le MRAP appelle \u00e0 une large participation au rassemblement de Paris<\/span> &#8211; <span class=\"sp-nh-date\">mardi 8 octobre 2019 17:26<\/span><\/p>\n<p><span class=\"sp-nh-title\">Des experts europ\u00e9ens \u00e0 Bouira pour promouvoir le r\u00f4le de la femme rurale dans la fili\u00e8re ol\u00e9icole<\/span> &#8211; <span class=\"sp-nh-date\">mardi 8 octobre 2019 17:18<\/span><\/p>\n<p>Auteur:<br \/>\n<a href=\"http:\/\/www.aps.dz\/sport\/95383-ligue-1-francaise-de-football-slimani-nomine-au-titre-du-meilleur-joueur-du-mois?utm_source=feedburner&#038;utm_medium=feed&#038;utm_campaign=Feed%3A+aps-sport+%28APS+-+SPORT%29\">Cliquez ici pour lire l&rsquo;article depuis sa source.<\/a><\/p>\n","protected":false},"excerpt":{"rendered":"<p>Cavusoglu : la Turquie accorde un grand int\u00e9r\u00eat \u00e0 ses relations avec l&rsquo;Alg\u00e9rie &#8211; mardi 8 octobre 2019 20:09 Les agences de presse incontournables , mais appel\u00e9es \u00e0 s&rsquo;adapter notamment \u00e0 l&rsquo;audiovisuel &#8211; mardi 8 octobre 2019 19:51 Bensalah et Bedoui examinent la situation socio-\u00e9conomique et politique du pays &#8211; mardi 8 octobre 2019 19:34 [&hellip;]<\/p>\n","protected":false},"author":1790,"featured_media":0,"comment_status":"closed","ping_status":"closed","sticky":false,"template":"","format":"standard","meta":{"fifu_image_url":"","fifu_image_alt":"","footnotes":""},"categories":[53,75],"tags":[],"class_list":["post-63735","post","type-post","status-publish","format-standard","hentry","category-algerie","category-sport"],"_links":{"self":[{"href":"https:\/\/linitiative.ca\/International\/wp-json\/wp\/v2\/posts\/63735","targetHints":{"allow":["GET"]}}],"collection":[{"href":"https:\/\/linitiative.ca\/International\/wp-json\/wp\/v2\/posts"}],"about":[{"href":"https:\/\/linitiative.ca\/International\/wp-json\/wp\/v2\/types\/post"}],"author":[{"embeddable":true,"href":"https:\/\/linitiative.ca\/International\/wp-json\/wp\/v2\/users\/1790"}],"replies":[{"embeddable":true,"href":"https:\/\/linitiative.ca\/International\/wp-json\/wp\/v2\/comments?post=63735"}],"version-history":[{"count":0,"href":"https:\/\/linitiative.ca\/International\/wp-json\/wp\/v2\/posts\/63735\/revisions"}],"wp:attachment":[{"href":"https:\/\/linitiative.ca\/International\/wp-json\/wp\/v2\/media?parent=63735"}],"wp:term":[{"taxonomy":"category","embeddable":true,"href":"https:\/\/linitiative.ca\/International\/wp-json\/wp\/v2\/categories?post=63735"},{"taxonomy":"post_tag","embeddable":true,"href":"https:\/\/linitiative.ca\/International\/wp-json\/wp\/v2\/tags?post=63735"}],"curies":[{"name":"wp","href":"https:\/\/api.w.org\/{rel}","templated":true}]}}