{"id":63738,"date":"2019-10-08T10:30:17","date_gmt":"2019-10-08T14:30:17","guid":{"rendered":"https:\/\/linitiative.ca\/International\/95389-football-l-olympique-de-marseille-lance-son-ecole-en-algerie\/"},"modified":"2019-10-08T10:30:17","modified_gmt":"2019-10-08T14:30:17","slug":"95389-football-l-olympique-de-marseille-lance-son-ecole-en-algerie","status":"publish","type":"post","link":"https:\/\/linitiative.ca\/International\/95389-football-l-olympique-de-marseille-lance-son-ecole-en-algerie\/","title":{"rendered":"Football : l&rsquo;Olympique de Marseille lance son \u00e9cole en Alg\u00e9rie"},"content":{"rendered":"<div readability=\"38\">\n<p><strong>ALGER &#8211; L&rsquo;Olympique de Marseille, a ouvert sa premi\u00e8re \u00e9cole \u00a0\u00bbOM school\u00a0\u00bb de football en Alg\u00e9rie, au niveau du Complexe \u00ab\u00a0Foot Five\u00a0\u00bb de Staou\u00e9li (Alger), ont annonc\u00e9 les organisateurs, mardi \u00e0 Alger.<\/strong><\/p>\n<\/div>\n<div readability=\"93\">\n<p>\u00a0\u00bbL&rsquo;Olympique de Marseille a toujours eu des relations privil\u00e9gi\u00e9es et intimes avec l&rsquo;Alg\u00e9rie. Une des choses qui nous int\u00e9ressent le plus, et d&rsquo;\u00eatre en contact avec la jeunesse alg\u00e9rienne. Nous estimons que notre vrai public c&rsquo;est les enfants et les adolescents. Ouvrir cette \u00e9cole \u00e0 Alger, c&rsquo;est vraiment tr\u00e8s symbolique et \u00e7a prouve notre engagement envers l&rsquo;Alg\u00e9rie qui est un pays moteur en football. Pour nous, l&rsquo;Afrique du nord est devenu une priorit\u00e9 et on veut r\u00e9aliser des choses concr\u00e8tes et qui dures\u00a0\u00bb, a indiqu\u00e9 le directeur g\u00e9n\u00e9ral du club fran\u00e7ais, Laurent Colette, lors d`une conf\u00e9rence de presse \u00e0 Alger.<\/p>\n<p>\u00a0\u00bbCe ne sera pas un programme d&rsquo;\u00e9lite mais on esp\u00e8re accueillir beaucoup d&rsquo;enfants qui veulent jouer et apprendre le football. Le but n&rsquo;est pas de rechercher la pi\u00e8ce rare mais de permettre aux jeunes de se frotter \u00e0 une \u00e9ducation footballistique et humaine compl\u00e8te\u00a0\u00bb, a t-il ajout\u00e9.<\/p>\n<p>Pour sa part, l&rsquo;ancien joueur de l&rsquo;\u00e9quipe de France, Basile Boli, actuellement ambassadeur de l&rsquo;OM, s&rsquo;est dit \u00a0\u00bbheureux\u00a0\u00bb de voir le lancement de la premi\u00e8re \u00e9cole de l&rsquo;OM en Alg\u00e9rie.<\/p>\n<p>\u00a0\u00bbIl s&rsquo;agit d&rsquo;un partenariat durable qui permettra de suivre les jeunes alg\u00e9riens qui seront inscrits dans cette \u00e9cole. Il va nous permettre aussi de pouvoir intensifier les relations entre l&rsquo;Alg\u00e9rie et Marseille. Je suis tr\u00e8s heureux de ce lancement, en pr\u00e9sence des techniciens. \u00a0\u00bb, a dit Boli, avant d&rsquo;enchainer: \u00a0\u00bbJe profite de l&rsquo;occasion pour f\u00e9liciter Djamel Belmadi et le peuple alg\u00e9riens apr\u00e8s le sacre de l&rsquo;\u00e9quipe nationale en Coupe d&rsquo;Afrique des Nations 2019\u00a0\u00bb.<\/p>\n<p>L&rsquo;autre repr\u00e9sentant du club fran\u00e7ais, Alejendro Requena, qui occupe le poste de Manager marketing international, a estim\u00e9 que les jeunes alg\u00e9riens seront encadr\u00e9s de la m\u00eame mani\u00e8re de travail, appliqu\u00e9e \u00e0 Marseille.<\/p>\n<p>\u00a0\u00bbCa nous fait \u00e9norm\u00e9ment plaisir de lancer la 2e \u00e9cole de l&rsquo;OM en Afrique apr\u00e8s celle de Tunis lanc\u00e9e il y&rsquo;a quelques semaines. Je remercie les responsables de Foot Five pour les efforts fournis pour cette nouvelle aventure. On ne vient pas ici pour vendre du r\u00eave aux jeunes et leur promettre qu&rsquo;ils vont devenir des joueurs professionnels. Tous les gamins auront une chance dans les meilleurs conditions de travail avec les meilleurs staffs. Une m\u00e9thodologie sp\u00e9ciale OM sera implant\u00e9e ici (Alger, ndlr) comme une base de travail technique qui ressemble \u00e0 celle de Marseille\u00a0\u00bb, a expliqu\u00e9 Requena.<\/p>\n<p>Imed Boukhof, ambassadeur de l&rsquo;OM, a indiqu\u00e9 de son c\u00f4t\u00e9, que ce projet sera ouvert aux jeunes \u00e2g\u00e9s entre 5 et 16 ans.<\/p>\n<p>\u00a0\u00bbC&rsquo;est une opportunit\u00e9 pour r\u00e9aliser le r\u00eave de nos enfants et promouvoir la marque et le projet de l&rsquo;OM school en Alg\u00e9rie. C&rsquo;est un lourd fardeau \u00e0 porter mais c&rsquo;est un honneur pour nous de d\u00e9fendre l&rsquo;OM. La formation est payante et s&rsquo;\u00e9talera sur onze mois. Elle est consacr\u00e9e aux jeunes \u00e2g\u00e9es entre 5 et 16 ans\u00a0\u00bb, a t-il expliqu\u00e9.<\/p>\n<p>\u00a0Les jeunes talents prennent part aux entra\u00eenements lors des jours de repos scolaire \u00e0 savoir: vendredi, samedi et mardi apr\u00e8s-midi, avec rythme de travail de 4h30 par semaine.<\/p>\n<\/div>\n<p>Auteur:<br \/>\n<a href=\"http:\/\/www.aps.dz\/sport\/95389-football-l-olympique-de-marseille-lance-son-ecole-en-algerie?utm_source=feedburner&#038;utm_medium=feed&#038;utm_campaign=Feed%3A+aps-sport+%28APS+-+SPORT%29\">Cliquez ici pour lire l&rsquo;article depuis sa source.<\/a><\/p>\n","protected":false},"excerpt":{"rendered":"<p>ALGER &#8211; L&rsquo;Olympique de Marseille, a ouvert sa premi\u00e8re \u00e9cole \u00a0\u00bbOM school\u00a0\u00bb de football en Alg\u00e9rie, au niveau du Complexe \u00ab\u00a0Foot Five\u00a0\u00bb de Staou\u00e9li (Alger), ont annonc\u00e9 les organisateurs, mardi \u00e0 Alger. \u00a0\u00bbL&rsquo;Olympique de Marseille a toujours eu des relations privil\u00e9gi\u00e9es et intimes avec l&rsquo;Alg\u00e9rie. Une des choses qui nous int\u00e9ressent le plus, et d&rsquo;\u00eatre [&hellip;]<\/p>\n","protected":false},"author":1790,"featured_media":0,"comment_status":"closed","ping_status":"closed","sticky":false,"template":"","format":"standard","meta":{"fifu_image_url":"","fifu_image_alt":"","footnotes":""},"categories":[53,75],"tags":[],"class_list":["post-63738","post","type-post","status-publish","format-standard","hentry","category-algerie","category-sport"],"_links":{"self":[{"href":"https:\/\/linitiative.ca\/International\/wp-json\/wp\/v2\/posts\/63738","targetHints":{"allow":["GET"]}}],"collection":[{"href":"https:\/\/linitiative.ca\/International\/wp-json\/wp\/v2\/posts"}],"about":[{"href":"https:\/\/linitiative.ca\/International\/wp-json\/wp\/v2\/types\/post"}],"author":[{"embeddable":true,"href":"https:\/\/linitiative.ca\/International\/wp-json\/wp\/v2\/users\/1790"}],"replies":[{"embeddable":true,"href":"https:\/\/linitiative.ca\/International\/wp-json\/wp\/v2\/comments?post=63738"}],"version-history":[{"count":0,"href":"https:\/\/linitiative.ca\/International\/wp-json\/wp\/v2\/posts\/63738\/revisions"}],"wp:attachment":[{"href":"https:\/\/linitiative.ca\/International\/wp-json\/wp\/v2\/media?parent=63738"}],"wp:term":[{"taxonomy":"category","embeddable":true,"href":"https:\/\/linitiative.ca\/International\/wp-json\/wp\/v2\/categories?post=63738"},{"taxonomy":"post_tag","embeddable":true,"href":"https:\/\/linitiative.ca\/International\/wp-json\/wp\/v2\/tags?post=63738"}],"curies":[{"name":"wp","href":"https:\/\/api.w.org\/{rel}","templated":true}]}}