{"id":63739,"date":"2019-10-08T12:39:36","date_gmt":"2019-10-08T16:39:36","guid":{"rendered":"https:\/\/linitiative.ca\/International\/95403-belmadi-la-rd-congo-et-la-colombie-deux-adversaires-de-bon-niveau-pour-l-algerie\/"},"modified":"2019-10-08T12:39:36","modified_gmt":"2019-10-08T16:39:36","slug":"95403-belmadi-la-rd-congo-et-la-colombie-deux-adversaires-de-bon-niveau-pour-l-algerie","status":"publish","type":"post","link":"https:\/\/linitiative.ca\/International\/95403-belmadi-la-rd-congo-et-la-colombie-deux-adversaires-de-bon-niveau-pour-l-algerie\/","title":{"rendered":"Belmadi : \u00ab\u00a0la RD Congo et la Colombie, deux adversaires de bon niveau pour l&rsquo;Alg\u00e9rie\u00a0\u00bb"},"content":{"rendered":"<div readability=\"37\">\n<p><strong>ALGER &#8211; La s\u00e9lection alg\u00e9rienne de football disputera deux rencontres de \u00ab\u00a0bon niveau\u00a0\u00bb contre respectivement la RD Congo le 10 octobre \u00e0 Blida et la Colombie le 15 \u00e0 Lille (France), a estim\u00e9 le s\u00e9lectionneur national Djamel Belmadi, mardi au premier jour du stage des \u00ab\u00a0Verts\u00a0\u00bb \u00e0 Sidi-Moussa (Alger).<\/strong><\/p>\n<\/div>\n<div readability=\"87.1886409736\">\n<p>\u00ab\u00a0Ce seront deux bons matchs-test face \u00e0 la RD Congo et la Colombie. L&rsquo;objectif est de rendre une belle copie tout en faisant jouer un maximum de joueurs\u00a0\u00bb, a soulign\u00e9 Belmadi lors d&rsquo;une conf\u00e9rence de presse, \u00e0 48 heures de la confrontation face \u00e0 l&rsquo;\u00e9quipe de RDC dont le \u00ab\u00a0style de jeu renferme des similitudes avec la Zambie et le Botswana\u00a0\u00bb, les deux premiers adversaires de l&rsquo;Alg\u00e9rie, en novembre prochain, dans les \u00e9liminatoires de la CAN-2021.<\/p>\n<p>Pour Belmadi, la formation congolaise est r\u00e9put\u00e9e pour la \u00ab\u00a0vitesse et la qualit\u00e9 technique\u00a0\u00bb de ses joueurs, avec en prime de \u00ab\u00a0tr\u00e8s bons r\u00e9sultats dans un pass\u00e9 r\u00e9cent (&#8230;) mais aujourd&rsquo;hui, c&rsquo;est une \u00e9quipe en restructuration dirig\u00e9e par un nouveau coach en remplacement de Florent Ibenge\u00a0\u00bb qui a jet\u00e9 l&rsquo;\u00e9ponge \u00e0 l&rsquo;issue de la CAN-2019.<\/p>\n<p>Interrog\u00e9 sur le second match-test, celui face \u00e0 la Colombie, le s\u00e9lectionneur alg\u00e9rien a estim\u00e9 que c&rsquo;est une bonne chose de se jauger face \u00e0 \u00ab\u00a0une \u00e9quipe hors Afrique\u00a0\u00bb dont le tout dernier match amical face au Br\u00e9sil a montr\u00e9 les qualit\u00e9s de la formation colombienne o\u00f9 \u00e9volue le milieu offensif du Real Madrid, James Rodriguez.<\/p>\n<hr\/>\n<p><em><strong>Lire aussi:\u00a0<\/strong><\/em><a href=\"http:\/\/www.aps.dz\/sport\/95340-football-match-amical-algerie-colombie-les-verts-en-france-des-le-13-octobre\">Football\/Alg\u00e9rie &#8211; Colombie (amical): les Verts en France d\u00e8s le 13 octobre<\/a><\/p>\n<hr\/>\n<p>Ce dernier sera toutefois absent le 15 octobre face \u00e0 l&rsquo;Alg\u00e9rie, tout comme son co\u00e9quipier Radamel Falcao qui \u00e9volue \u00e0 Galatasaray (Turquie). \u00ab\u00a0Si le coach a d\u00e9cid\u00e9 de ne pas les convoquer, c&rsquo;est qu&rsquo;il a un effectif \u00e9toff\u00e9\u00a0\u00bb, a estim\u00e9 Djamel Belmadi qui a qualifi\u00e9 de \u00ab\u00a0belle affiche\u00a0\u00bb le match Alg\u00e9rie-Colombie.<\/p>\n<p>Pour le coach alg\u00e9rien, le match face \u00e0 la Colombie sera une bonne opportunit\u00e9 pour la communaut\u00e9 alg\u00e9rienne \u00e9tablie en France qui va retrouver son \u00e9quipe, championne d&rsquo;Afrique en titre. \u00ab\u00a0Je lance un appel \u00e0 nos supporters dont beaucoup viendront en famille, pour bien profiter de ce rendez-vous et que tout se passe bien, avant, pendant et apr\u00e8s le match\u00a0\u00bb.<\/p>\n<p>Le match Alg\u00e9rie-Colombie, pr\u00e9vu au stade Pierre-Mauroy de Lille, se jouera \u00e0 guichets ferm\u00e9s apr\u00e8s l&rsquo;\u00e9coulement des 40.000 places mises en vente. \u00ab\u00a0Cet engouement des fans des Verts, illustre l&rsquo;amour que portent les Alg\u00e9riens pour leur \u00e9quipe nationale\u00a0\u00bb, a estim\u00e9 Belmadi.<\/p>\n<p>Les co\u00e9quipiers de Riyad Mahrez ont entam\u00e9 mardi leur stage de pr\u00e9paration au Centre technique national de Sidi-Moussa sous la conduite du staff technique, \u00e0 sa t\u00eate Djamel Belmadi, en pr\u00e9vision des deux matchs amicaux contre la RD Congo et la Colombie.<\/p>\n<\/div>\n<p>Auteur:<br \/>\n<a href=\"http:\/\/www.aps.dz\/sport\/95403-belmadi-la-rd-congo-et-la-colombie-deux-adversaires-de-bon-niveau-pour-l-algerie?utm_source=feedburner&#038;utm_medium=feed&#038;utm_campaign=Feed%3A+aps-sport+%28APS+-+SPORT%29\">Cliquez ici pour lire l&rsquo;article depuis sa source.<\/a><\/p>\n","protected":false},"excerpt":{"rendered":"<p>ALGER &#8211; La s\u00e9lection alg\u00e9rienne de football disputera deux rencontres de \u00ab\u00a0bon niveau\u00a0\u00bb contre respectivement la RD Congo le 10 octobre \u00e0 Blida et la Colombie le 15 \u00e0 Lille (France), a estim\u00e9 le s\u00e9lectionneur national Djamel Belmadi, mardi au premier jour du stage des \u00ab\u00a0Verts\u00a0\u00bb \u00e0 Sidi-Moussa (Alger). \u00ab\u00a0Ce seront deux bons matchs-test face [&hellip;]<\/p>\n","protected":false},"author":1790,"featured_media":0,"comment_status":"closed","ping_status":"closed","sticky":false,"template":"","format":"standard","meta":{"fifu_image_url":"","fifu_image_alt":"","footnotes":""},"categories":[53,75],"tags":[],"class_list":["post-63739","post","type-post","status-publish","format-standard","hentry","category-algerie","category-sport"],"_links":{"self":[{"href":"https:\/\/linitiative.ca\/International\/wp-json\/wp\/v2\/posts\/63739","targetHints":{"allow":["GET"]}}],"collection":[{"href":"https:\/\/linitiative.ca\/International\/wp-json\/wp\/v2\/posts"}],"about":[{"href":"https:\/\/linitiative.ca\/International\/wp-json\/wp\/v2\/types\/post"}],"author":[{"embeddable":true,"href":"https:\/\/linitiative.ca\/International\/wp-json\/wp\/v2\/users\/1790"}],"replies":[{"embeddable":true,"href":"https:\/\/linitiative.ca\/International\/wp-json\/wp\/v2\/comments?post=63739"}],"version-history":[{"count":0,"href":"https:\/\/linitiative.ca\/International\/wp-json\/wp\/v2\/posts\/63739\/revisions"}],"wp:attachment":[{"href":"https:\/\/linitiative.ca\/International\/wp-json\/wp\/v2\/media?parent=63739"}],"wp:term":[{"taxonomy":"category","embeddable":true,"href":"https:\/\/linitiative.ca\/International\/wp-json\/wp\/v2\/categories?post=63739"},{"taxonomy":"post_tag","embeddable":true,"href":"https:\/\/linitiative.ca\/International\/wp-json\/wp\/v2\/tags?post=63739"}],"curies":[{"name":"wp","href":"https:\/\/api.w.org\/{rel}","templated":true}]}}