{"id":63750,"date":"2019-10-08T07:08:55","date_gmt":"2019-10-08T11:08:55","guid":{"rendered":"https:\/\/linitiative.ca\/International\/notre-journaliste-mustapha-benfodil-libere\/"},"modified":"2019-10-08T07:08:55","modified_gmt":"2019-10-08T11:08:55","slug":"notre-journaliste-mustapha-benfodil-libere","status":"publish","type":"post","link":"https:\/\/linitiative.ca\/International\/notre-journaliste-mustapha-benfodil-libere\/","title":{"rendered":"Notre journaliste Mustapha Benfodil lib\u00e9r\u00e9"},"content":{"rendered":"<h4 class=\"title-14\"\/>\n<div class=\"featured_image\"><img width=\"970\" height=\"612\" data-cfsrc=\"https:\/\/www.elwatan.com\/wp-content\/uploads\/2019\/10\/Mustapha-Benfodil.png\" class=\"attachment-post-thumbnail size-post-thumbnail wp-post-image c2\" alt=\"Notre journaliste reporter Mustapha Benfodil interpell\u00e9 par la police\" srcset=\"https:\/\/www.elwatan.com\/wp-content\/uploads\/2019\/10\/Mustapha-Benfodil.png 970w, https:\/\/www.elwatan.com\/wp-content\/uploads\/2019\/10\/Mustapha-Benfodil-300x189.png 300w, https:\/\/www.elwatan.com\/wp-content\/uploads\/2019\/10\/Mustapha-Benfodil-768x485.png 768w\" sizes=\"(max-width: 970px) 100vw, 970px\"\/><noscript><\/p>\n<p><img loading=\"lazy\" decoding=\"async\" width=\"970\" height=\"612\" src=\"https:\/\/www.elwatan.com\/wp-content\/uploads\/2019\/10\/Mustapha-Benfodil.png\" class=\"attachment-post-thumbnail size-post-thumbnail wp-post-image\" alt=\"Notre journaliste reporter Mustapha Benfodil interpell\u00e9 par la police\" srcset=\"https:\/\/www.elwatan.com\/wp-content\/uploads\/2019\/10\/Mustapha-Benfodil.png 970w, https:\/\/www.elwatan.com\/wp-content\/uploads\/2019\/10\/Mustapha-Benfodil-300x189.png 300w, https:\/\/www.elwatan.com\/wp-content\/uploads\/2019\/10\/Mustapha-Benfodil-768x485.png 768w\" sizes=\"auto, (max-width: 970px) 100vw, 970px\"\/><\/p>\n<p><\/noscript><\/div>\n<p>Notre journaliste-reporter d\u2019El Watan, Mustapha Benfodil interpell\u00e9 le matin vient d\u2019\u00eatre rel\u00e2ch\u00e9. Arr\u00eat\u00e9 aux environs de 10h25 au square Port Sa\u00efd, notre reporter a \u00e9t\u00e9 conduit au commissariat de la Casbah.<\/p>\n<p>Le collectif des journalistes du journal El Watan d\u00e9nonce le harc\u00e8lement policier, pressions et intimidations dont font l\u2019objet les journalistes dans l\u2019exercice de leur fonction, et exige la lib\u00e9ration imm\u00e9diate de leur coll\u00e8gue Mustapha Benfodil.<\/p>\n<p><span class=\"post-views-label\">Post Views:<\/span> <span class=\"post-views-count\">1\u00a0308<\/span><\/p>\n<p><br class=\"c4\"\/><\/p>\n<p>Auteur: Mohand Yahiaoui<br \/>\n<a href=\"https:\/\/www.elwatan.com\/edition\/actualite\/notre-journaliste-mustapha-benfodil-libere-08-10-2019\">Cliquez ici pour lire l&rsquo;article depuis sa source.<\/a><\/p>\n","protected":false},"excerpt":{"rendered":"<p>Notre journaliste-reporter d\u2019El Watan, Mustapha Benfodil interpell\u00e9 le matin vient d\u2019\u00eatre rel\u00e2ch\u00e9. Arr\u00eat\u00e9 aux environs de 10h25 au square Port Sa\u00efd, notre reporter a \u00e9t\u00e9 conduit au commissariat de la Casbah. Le collectif des journalistes du journal El Watan d\u00e9nonce le harc\u00e8lement policier, pressions et intimidations dont font l\u2019objet les journalistes dans l\u2019exercice de leur [&hellip;]<\/p>\n","protected":false},"author":1743,"featured_media":63751,"comment_status":"closed","ping_status":"closed","sticky":false,"template":"","format":"standard","meta":{"fifu_image_url":"","fifu_image_alt":"","footnotes":""},"categories":[73,53],"tags":[],"class_list":["post-63750","post","type-post","status-publish","format-standard","has-post-thumbnail","hentry","category-actualite","category-algerie"],"_links":{"self":[{"href":"https:\/\/linitiative.ca\/International\/wp-json\/wp\/v2\/posts\/63750","targetHints":{"allow":["GET"]}}],"collection":[{"href":"https:\/\/linitiative.ca\/International\/wp-json\/wp\/v2\/posts"}],"about":[{"href":"https:\/\/linitiative.ca\/International\/wp-json\/wp\/v2\/types\/post"}],"author":[{"embeddable":true,"href":"https:\/\/linitiative.ca\/International\/wp-json\/wp\/v2\/users\/1743"}],"replies":[{"embeddable":true,"href":"https:\/\/linitiative.ca\/International\/wp-json\/wp\/v2\/comments?post=63750"}],"version-history":[{"count":0,"href":"https:\/\/linitiative.ca\/International\/wp-json\/wp\/v2\/posts\/63750\/revisions"}],"wp:featuredmedia":[{"embeddable":true,"href":"https:\/\/linitiative.ca\/International\/wp-json\/"}],"wp:attachment":[{"href":"https:\/\/linitiative.ca\/International\/wp-json\/wp\/v2\/media?parent=63750"}],"wp:term":[{"taxonomy":"category","embeddable":true,"href":"https:\/\/linitiative.ca\/International\/wp-json\/wp\/v2\/categories?post=63750"},{"taxonomy":"post_tag","embeddable":true,"href":"https:\/\/linitiative.ca\/International\/wp-json\/wp\/v2\/tags?post=63750"}],"curies":[{"name":"wp","href":"https:\/\/api.w.org\/{rel}","templated":true}]}}