{"id":63752,"date":"2019-10-08T09:27:01","date_gmt":"2019-10-08T13:27:01","guid":{"rendered":"https:\/\/linitiative.ca\/International\/deces-de-reda-djilali-un-maitre-de-la-musique-chaabi\/"},"modified":"2019-10-08T09:27:01","modified_gmt":"2019-10-08T13:27:01","slug":"deces-de-reda-djilali-un-maitre-de-la-musique-chaabi","status":"publish","type":"post","link":"https:\/\/linitiative.ca\/International\/deces-de-reda-djilali-un-maitre-de-la-musique-chaabi\/","title":{"rendered":"D\u00e9c\u00e8s de R\u00e9da Djilali, un  ma\u00eetre de la musique cha\u00e2bi"},"content":{"rendered":"<h4 class=\"title-14\"\/>\n<div class=\"featured_image\"><img width=\"1024\" height=\"1024\" data-cfsrc=\"https:\/\/www.elwatan.com\/wp-content\/uploads\/2019\/10\/reda-djilali.jpg\" class=\"attachment-post-thumbnail size-post-thumbnail wp-post-image c2\" alt=\"\" srcset=\"https:\/\/www.elwatan.com\/wp-content\/uploads\/2019\/10\/reda-djilali.jpg 1024w, https:\/\/www.elwatan.com\/wp-content\/uploads\/2019\/10\/reda-djilali-150x150.jpg 150w, https:\/\/www.elwatan.com\/wp-content\/uploads\/2019\/10\/reda-djilali-300x300.jpg 300w, https:\/\/www.elwatan.com\/wp-content\/uploads\/2019\/10\/reda-djilali-768x768.jpg 768w\" sizes=\"(max-width: 1024px) 100vw, 1024px\"\/><noscript><\/p>\n<p><img loading=\"lazy\" decoding=\"async\" width=\"1024\" height=\"1024\" src=\"https:\/\/www.elwatan.com\/wp-content\/uploads\/2019\/10\/reda-djilali.jpg\" class=\"attachment-post-thumbnail size-post-thumbnail wp-post-image\" alt=\"\" srcset=\"https:\/\/www.elwatan.com\/wp-content\/uploads\/2019\/10\/reda-djilali.jpg 1024w, https:\/\/www.elwatan.com\/wp-content\/uploads\/2019\/10\/reda-djilali-150x150.jpg 150w, https:\/\/www.elwatan.com\/wp-content\/uploads\/2019\/10\/reda-djilali-300x300.jpg 300w, https:\/\/www.elwatan.com\/wp-content\/uploads\/2019\/10\/reda-djilali-768x768.jpg 768w\" sizes=\"auto, (max-width: 1024px) 100vw, 1024px\"\/><\/p>\n<p><\/noscript> <span class=\"featured-image-caption\">R\u00e9da Djillali, une des grandes voix de la musique cha\u00e2bi.<\/span><\/div>\n<p><strong>Une des grandes voix de la musique cha\u00e2bi, dans la lign\u00e9e d\u2019El Hadj M\u2019hamed El Anka et El Hadj El Hachemi Guerrouabi, s\u2019est\u00a0 \u00e9teinte. C\u2019est celle du chanteur R\u00e9da Djilali. Il est d\u00e9c\u00e9d\u00e9\u00a0 samedi 5 octobre \u00e0 Paris. Il avait 83 ans.<\/strong><\/p>\n<p>Le chanteur\u00a0 de musique cha\u00e2bi, R\u00e9da Djillali, a \u00e9t\u00e9 inhum\u00e9 mardi, dans \u00a0le carr\u00e9 musulman du cimeti\u00e8re de Thiais situ\u00e9 dans\u00a0\u00a0 le \u00a0d\u00e9partement du Val-de-Marne. R\u00e9da Djillali, dans la m\u00eame dimension que celle d\u2019 H\u2019ssen Sa\u00efd, Boudjema\u00e2 El Ankis, Amar Ezzahi, \u00a0est connu pour ses\u00a0 fameux succ\u00e8s, les qacidate( textes lyriques) intitul\u00e9es\u00a0 \u00ab\u00a0<em>Ya Ali Chouf Edjbels El gharb<\/em>\u00ab\u00a0, <em>Nada Ouakt Essourour<\/em> ou encore <em>Moul Ennia.<\/em> L\u2019un de ses succ\u00e8s a \u00e9t\u00e9 \u00a0repris par l\u2019 O.N.B ( Orchestre national de Barb\u00e8s).R\u00e9da Djillali est natif d\u2019Alger. A \u00a015 ans, il \u00a0fr\u00e9quente le conservatoire d\u2019Alger en ayant \u00a0pour professeurs Abderezak Fekhardji (classique, andalou) et El Hadj M\u2019hamed El Anka (chaabi). A l\u2019ind\u00e9pendance, \u00a0il \u00a0exerce en tant que \u00a0professeur de musique andalouse. Il s\u2019installe en France \u00e0 la fin des ann\u00e9es 70 o\u00f9 il a travaill\u00e9 avec\u00a0 le chef d\u2019orchestre \u00a0et compsositeur Boudjemia Merzak.<\/p>\n<p><strong>Avec Abdelmadjid Meskoud, Abdelkader Chercham, El Yamine\u2026<\/strong><\/p>\n<p>Jusqu\u2019\u00e0 aujourd\u2019hui R\u00e9da Djillali dispensait des cours au Centre Culturel \u00a0Alg\u00e9rien. R\u00e9da est \u00a0le fils du mufti (imam) et \u00e9rudit Abderrahmane Djilali qui a toujours aim\u00e9 la musique andalouse. R\u00e9da Djilali, il ya quelques ann\u00e9es, \u00e0 l\u2019invitation du grand chanteur de cha\u00e2bi, Amar Achab, il \u00e9tait venu se produire \u00e0 la salle El Mouggar, \u00e0 Alger. En juin 2019, Al Andalus sous la direction de Mme Samia Abdenour avait rendu un grand hommage \u00e0 Amar Achab et R\u00e9da \u00a0Djillali au Centre culturel alg\u00e9rien \u00e0 Paris. Lors de la tourn\u00e9e \u00a0\u00ab\u00a0El Gusto\u00a0\u00bb, initi\u00e9e par \u00a0la cin\u00e9aste alg\u00e9ro-irlandaise Safinez Bousbia, sous la direction d\u2019El Hadi El Anka, R\u00e9da Djillali et Abdelmadjid Meskoud, Abdelkader Chercham, El Yamine, Jos\u00e9 de Souza, Ahmed Bernaoui, Luc Cherki, Ren\u00e9 Perez, Maurice El Medioni, Robert Castel , avaient donn\u00e9 un concert m\u00e9morable \u00e0 Bercy, \u00e0 \u00a0Paris.<\/p>\n<p><span class=\"post-views-label\">Post Views:<\/span> <span class=\"post-views-count\">478<\/span><\/p>\n<p><br class=\"c4\"\/><\/p>\n<p>Auteur: Farouk Djouadi<br \/>\n<a href=\"https:\/\/www.elwatan.com\/edition\/culture\/deces-de-reda-djillali-un-maitre-de-la-musique-chaabi-08-10-2019\">Cliquez ici pour lire l&rsquo;article depuis sa source.<\/a><\/p>\n","protected":false},"excerpt":{"rendered":"<p>R\u00e9da Djillali, une des grandes voix de la musique cha\u00e2bi. Une des grandes voix de la musique cha\u00e2bi, dans la lign\u00e9e d\u2019El Hadj M\u2019hamed El Anka et El Hadj El Hachemi Guerrouabi, s\u2019est\u00a0 \u00e9teinte. C\u2019est celle du chanteur R\u00e9da Djilali. Il est d\u00e9c\u00e9d\u00e9\u00a0 samedi 5 octobre \u00e0 Paris. Il avait 83 ans. Le chanteur\u00a0 de [&hellip;]<\/p>\n","protected":false},"author":1743,"featured_media":63753,"comment_status":"closed","ping_status":"closed","sticky":false,"template":"","format":"standard","meta":{"fifu_image_url":"","fifu_image_alt":"","footnotes":""},"categories":[73,53],"tags":[],"class_list":["post-63752","post","type-post","status-publish","format-standard","has-post-thumbnail","hentry","category-actualite","category-algerie"],"_links":{"self":[{"href":"https:\/\/linitiative.ca\/International\/wp-json\/wp\/v2\/posts\/63752","targetHints":{"allow":["GET"]}}],"collection":[{"href":"https:\/\/linitiative.ca\/International\/wp-json\/wp\/v2\/posts"}],"about":[{"href":"https:\/\/linitiative.ca\/International\/wp-json\/wp\/v2\/types\/post"}],"author":[{"embeddable":true,"href":"https:\/\/linitiative.ca\/International\/wp-json\/wp\/v2\/users\/1743"}],"replies":[{"embeddable":true,"href":"https:\/\/linitiative.ca\/International\/wp-json\/wp\/v2\/comments?post=63752"}],"version-history":[{"count":0,"href":"https:\/\/linitiative.ca\/International\/wp-json\/wp\/v2\/posts\/63752\/revisions"}],"wp:featuredmedia":[{"embeddable":true,"href":"https:\/\/linitiative.ca\/International\/wp-json\/"}],"wp:attachment":[{"href":"https:\/\/linitiative.ca\/International\/wp-json\/wp\/v2\/media?parent=63752"}],"wp:term":[{"taxonomy":"category","embeddable":true,"href":"https:\/\/linitiative.ca\/International\/wp-json\/wp\/v2\/categories?post=63752"},{"taxonomy":"post_tag","embeddable":true,"href":"https:\/\/linitiative.ca\/International\/wp-json\/wp\/v2\/tags?post=63752"}],"curies":[{"name":"wp","href":"https:\/\/api.w.org\/{rel}","templated":true}]}}