{"id":63754,"date":"2019-10-08T12:05:53","date_gmt":"2019-10-08T16:05:53","guid":{"rendered":"https:\/\/linitiative.ca\/International\/des-journalistes-de-la-radio-algerienne-denoncent-la-censure-et-menacent-dobserver-une-greve-illimitee\/"},"modified":"2019-10-08T12:05:53","modified_gmt":"2019-10-08T16:05:53","slug":"des-journalistes-de-la-radio-algerienne-denoncent-la-censure-et-menacent-dobserver-une-greve-illimitee","status":"publish","type":"post","link":"https:\/\/linitiative.ca\/International\/des-journalistes-de-la-radio-algerienne-denoncent-la-censure-et-menacent-dobserver-une-greve-illimitee\/","title":{"rendered":"Des journalistes de la Radio alg\u00e9rienne d\u00e9noncent la censure et menacent d\u2019observer une \u00ab gr\u00e8ve illimit\u00e9e \u00bb"},"content":{"rendered":"<h4 class=\"title-14\"\/>\n<div class=\"featured_image\"><img width=\"594\" height=\"480\" data-cfsrc=\"https:\/\/www.elwatan.com\/wp-content\/uploads\/2019\/10\/Radio.jpg\" class=\"attachment-post-thumbnail size-post-thumbnail wp-post-image c2\" alt=\"\" srcset=\"https:\/\/www.elwatan.com\/wp-content\/uploads\/2019\/10\/Radio.jpg 594w, https:\/\/www.elwatan.com\/wp-content\/uploads\/2019\/10\/Radio-300x242.jpg 300w\" sizes=\"(max-width: 594px) 100vw, 594px\"\/><noscript><\/p>\n<p><img loading=\"lazy\" decoding=\"async\" width=\"594\" height=\"480\" src=\"https:\/\/www.elwatan.com\/wp-content\/uploads\/2019\/10\/Radio.jpg\" class=\"attachment-post-thumbnail size-post-thumbnail wp-post-image\" alt=\"\" srcset=\"https:\/\/www.elwatan.com\/wp-content\/uploads\/2019\/10\/Radio.jpg 594w, https:\/\/www.elwatan.com\/wp-content\/uploads\/2019\/10\/Radio-300x242.jpg 300w\" sizes=\"auto, (max-width: 594px) 100vw, 594px\"\/><\/p>\n<p><\/noscript> <span class=\"featured-image-caption\">Si\u00e8ge de la radio alg\u00e9rienne. Photo : Souhil B. El Watan<\/span><\/div>\n<p><strong>Des journalistes de la radio alg\u00e9rienne ont rendu publique une lettre dans laquelle ils d\u00e9noncent la \u00ab\u00a0censure\u00a0\u00bb. Voici la texte int\u00e9gral de la lettre, sign\u00e9e par le Collectif de la radio pour le service public\u00a0:<\/strong><\/p>\n<p><strong>\u00ab\u00a0Lettre aux responsables de la radio Nationale et \u00e0 l\u2019opinion publique<\/strong><\/p>\n<p>Depuis plusieurs semaines, nous assistons \u00e0 une r\u00e9surgence de la censure dans le traitement de l\u2019information. Les couvertures des \u00e9v\u00e9nements li\u00e9s au mouvement populaire sont scrupuleusement surveill\u00e9es, \u00e9cout\u00e9es, les papiers diffus\u00e9s, sont repris, censur\u00e9s. Des revendications plus profondes sont exprim\u00e9es sans trouver d\u2019\u00e9cho.<br \/>La libert\u00e9 de la presse est un principe fondamental que nous refusons de nous voir confisquer.<br \/>Notre radio n\u2019est la chasse gard\u00e9e d\u2019aucun pouvoir, mais au service public exclusif.<br \/>Il est de notre devoir d\u2019informer.<br \/>Il est de notre devoir d\u2019accompagner ce mouvement dans son \u00e9volution. Sans acc\u00e8s \u00e0 une information transparente justes et impartiale, il n\u2019y a point de service public. Il est imp\u00e9ratif que notre media soit \u00e0 l\u2019avant garde de ce qui se passe dans le pays.<br \/>Il est de notre responsabilit\u00e9 d\u2019informer et d\u2019\u00e9clairer l\u2019opinion.<br \/>Face \u00e0 une volont\u00e9 affich\u00e9e de museler l\u2019expression libre, nous mettons les responsables face a leurs responsabilit\u00e9s.<br \/>D\u00e9sormais, toute consigne interdisant le traitement des informations devra \u00eatre sign\u00e9e par le directeur de l\u2019information, de la cha\u00eene ou de la direction g\u00e9n\u00e9rale. L\u2019opinion a le droit de savoir qui lui refuse l\u2019acc\u00e8s \u00e0 l\u2019information.<br \/>La liste des personnes non autoris\u00e9es \u00e0 \u00eatre diffus\u00e9es ou invit\u00e9es devra \u00eatre \u00e9tablie dans la plus grande transparence afin que l\u2019opinion en soit inform\u00e9e.<\/p>\n<p>Les faits doivent \u00eatre recueillis. Manifestations, arrestations, slogans, (hormis ceux qui sont insultants, qui portent \u00e0 l\u2019int\u00e9grit\u00e9, \u00e0 la vie priv\u00e9e, qui incitent \u00e0 la haine\u2026.) doivent \u00eatre trait\u00e9s, couverts et les responsables d\u2019\u00e9ditions ainsi que le personnel de l\u2019antenne, soutenus dans leurs d\u00e9marches.<br \/>Il est du devoir moral pour chacun d\u2019entre nous d\u2019int\u00e9grer ces principes sacr\u00e9s et de veiller \u00e0 leur application.<br \/>Nous prenons pour t\u00e9moin, les responsables de la radio nationale ainsi que l\u2019opinion publique, qu\u2019en cas de sanctions ou de pressions exerc\u00e9es sur les journalistes et l\u2019ensemble du personnel directement ou indirectement concern\u00e9, journalistes, r\u00e9alisateurs, producteurs, animateurs, nous nous r\u00e9servons le droit d\u2019envisager un durcissement de nos actions, jusqu\u2019\u00e0 observer une gr\u00e8ve illimit\u00e9e.<\/p>\n<p>Collectif de la radio pour le service public\u00a0\u00bb.<\/p>\n<p><span class=\"post-views-label\">Post Views:<\/span> <span class=\"post-views-count\">1\u00a0005<\/span><\/p>\n<p><br class=\"c4\"\/><\/p>\n<p>Auteur: Farouk Djouadi<br \/>\n<a href=\"https:\/\/www.elwatan.com\/edition\/actualite\/des-journalistes-de-la-radio-algerienne-denoncent-la-censure-et-menacent-dobserver-une-greve-illimitee-08-10-2019\">Cliquez ici pour lire l&rsquo;article depuis sa source.<\/a><\/p>\n","protected":false},"excerpt":{"rendered":"<p>Si\u00e8ge de la radio alg\u00e9rienne. Photo : Souhil B. El Watan Des journalistes de la radio alg\u00e9rienne ont rendu publique une lettre dans laquelle ils d\u00e9noncent la \u00ab\u00a0censure\u00a0\u00bb. Voici la texte int\u00e9gral de la lettre, sign\u00e9e par le Collectif de la radio pour le service public\u00a0: \u00ab\u00a0Lettre aux responsables de la radio Nationale et \u00e0 [&hellip;]<\/p>\n","protected":false},"author":1743,"featured_media":63755,"comment_status":"closed","ping_status":"closed","sticky":false,"template":"","format":"standard","meta":{"fifu_image_url":"","fifu_image_alt":"","footnotes":""},"categories":[73,53],"tags":[],"class_list":["post-63754","post","type-post","status-publish","format-standard","has-post-thumbnail","hentry","category-actualite","category-algerie"],"_links":{"self":[{"href":"https:\/\/linitiative.ca\/International\/wp-json\/wp\/v2\/posts\/63754","targetHints":{"allow":["GET"]}}],"collection":[{"href":"https:\/\/linitiative.ca\/International\/wp-json\/wp\/v2\/posts"}],"about":[{"href":"https:\/\/linitiative.ca\/International\/wp-json\/wp\/v2\/types\/post"}],"author":[{"embeddable":true,"href":"https:\/\/linitiative.ca\/International\/wp-json\/wp\/v2\/users\/1743"}],"replies":[{"embeddable":true,"href":"https:\/\/linitiative.ca\/International\/wp-json\/wp\/v2\/comments?post=63754"}],"version-history":[{"count":0,"href":"https:\/\/linitiative.ca\/International\/wp-json\/wp\/v2\/posts\/63754\/revisions"}],"wp:featuredmedia":[{"embeddable":true,"href":"https:\/\/linitiative.ca\/International\/wp-json\/"}],"wp:attachment":[{"href":"https:\/\/linitiative.ca\/International\/wp-json\/wp\/v2\/media?parent=63754"}],"wp:term":[{"taxonomy":"category","embeddable":true,"href":"https:\/\/linitiative.ca\/International\/wp-json\/wp\/v2\/categories?post=63754"},{"taxonomy":"post_tag","embeddable":true,"href":"https:\/\/linitiative.ca\/International\/wp-json\/wp\/v2\/tags?post=63754"}],"curies":[{"name":"wp","href":"https:\/\/api.w.org\/{rel}","templated":true}]}}