{"id":63759,"date":"2019-10-08T10:13:00","date_gmt":"2019-10-08T14:13:00","guid":{"rendered":"https:\/\/linitiative.ca\/International\/emna-jeblaoui-les-questions-qui-simposent-pour-les-presidentielles\/"},"modified":"2019-10-08T10:13:00","modified_gmt":"2019-10-08T14:13:00","slug":"emna-jeblaoui-les-questions-qui-simposent-pour-les-presidentielles","status":"publish","type":"post","link":"https:\/\/linitiative.ca\/International\/emna-jeblaoui-les-questions-qui-simposent-pour-les-presidentielles\/","title":{"rendered":"Emna Jeblaoui: Les questions qui s\u2019imposent pour les pr\u00e9sidentielles!"},"content":{"rendered":"<p><em>\u00abUne nation fatigu\u00e9e de longs d\u00e9bats consent volontiers qu&rsquo;on la dupe, pourvu qu&rsquo;on la repose, et l&rsquo;histoire nous apprend qu&rsquo;il suffit alors pour la contenter de ramasser dans tout le pays un certain nombre d&rsquo;hommes obscurs ou d\u00e9pendants, et de leur faire jouer devant elle le r\u00f4le d&rsquo;une assembl\u00e9e politique, moyennant salaire.\u00bb<\/em><br \/><strong>Alexis de Tocqueville,<\/strong> L&rsquo;Ancien R\u00e9gime et la R\u00e9volution<\/p>\n<h2>Alerte aux d\u00e9mocrates \u00e0 l\u2019heure des coalitions<\/h2>\n<p>La transition en Tunisie, j\u2019ai cess\u00e9 de trouver les mots et les id\u00e9es ou l\u2019inspiration pour en parler et j\u2019ai suspendu tout jugement qui permette de m\u2019exprimer depuis 2016 mon dernier papier \u00e9tait intitul\u00e9 : Transitions d\u00e9mocratiques et \u00e9conomiques en Tunisie: Les opportunit\u00e9s rat\u00e9es \u00e9tait paru en juillet 2016 chez un conf\u00e8re le Huffington post Maghreb<strong><span class=\"c2\"><sup>(1)<\/sup><\/span><\/strong><\/p>\n<p>Je n\u2019avais plus rien \u00e0 dire car les r\u00e8gles du jeu avaient \u00e9t\u00e9 chang\u00e9es et les cartes brouill\u00e9es depuis 2011, sans que les nouvelles r\u00e8gles soient claires et surtout stabilis\u00e9es et reconnues par tous.<\/p>\n<p>Les seules r\u00e8gles qui aient pr\u00e9valu \u00e9taient une compr\u00e9hension tronqu\u00e9e de la d\u00e9mocratie \u00e0 savoir:<\/p>\n<ol>\n<li>Organiser des \u00e9lections libres et transparentes et arriver \u00e0 une alternance pacifique du pouvoir.<\/li>\n<li>Avoir vot\u00e9 pour une constitution en janvier 2014 et faire du mieux pour la respecter. Celle-ci a r\u00e9v\u00e9l\u00e9 plus tard des failles reconnues par tous les acteurs politiques. En effet les acteurs majeurs de l\u2019ARP n\u2019ont pas pu ou voulu trouver un consensus pour \u00e9lire une cour constitutionnelle et semble incapables de trouver la majorit\u00e9 voulue par la constitution pour cette fin.<\/li>\n<\/ol>\n<p>Les valeurs de la d\u00e9mocratie n\u2019\u00e9taient pas encore int\u00e9gr\u00e9es et ne le sont toujours pas et n\u00e9cessitent encore un long chemin. Parmi ces valeurs, la valeur de la libert\u00e9 et je parle ici de valeur de la libert\u00e9 et entre autre un respect des libert\u00e9s individuelles dans les textes et dans la pratique. La libert\u00e9 est une valeur fondamentale de la d\u00e9mocratie mais certains acteurs politiques semblent n\u2019avoir retenu de la d\u00e9mocratie que l\u2019id\u00e9e de gagner les \u00e9lections. Aussi la libert\u00e9 serait-elle encore un socle important \u00e0 prot\u00e9ger par plus de lois et plus de sensibilisation et de positions claires des acteurs politiques principaux.<br \/>Apr\u00e8s les l\u00e9gislatives tenues le 6 Octobre 2019, les tractations sur les possibles coalitions post-\u00e9lectorales s\u2019av\u00e8re \u00eatre un exercice qui n\u00e9cessite beaucoup de doigt\u00e9 c\u2019est certainement un art. Plus de solidarit\u00e9 entre les d\u00e9mocrates sera n\u00e9cessaire pour le salut du pays. Faites les n\u00e9gociations maintenant puisque vous n\u2019avez pas r\u00e9ussi \u00e0 les faire avant les \u00e9lections et vous n\u2019avez pas pu organiser des primaires pour d\u00e9cider quel candidat choisir pour les pr\u00e9sentielles ce qui a donn\u00e9 le r\u00e9sultat que nous connaissons.<\/p>\n<p>Il est clair que la nouvelle ARP avec sa composition effrit\u00e9e et fragmentaire va nous ramener aux d\u00e9bats de 2011. D\u00e9bats longs et interminables n\u2019ayant pas \u00e9t\u00e9 suffisamment expos\u00e9s avec une p\u00e9dagogie claire aux tunisiens. A l\u2019abc\u00e8s de l\u2019approche simpliste s\u2019ajoute le nouvel abc\u00e8s du populisme. En effet, l\u2019abc\u00e8s des questions identitaires n\u2019a pas \u00e9t\u00e9 crev\u00e9 \u00e0 cause d\u2019un consensus mou qui voulait juste administrer des calmants cachant le vrai mal. Par paresse intellectuelle et par paresse politique sans doute nous allons nous retrouver devant des groupes de parlementaires qui bloqueront le d\u00e9bat sur les libert\u00e9s individuelles et embrasseront le processus de composition de la cour constitutionnelle. Ce revirement \u00e0 droite servira certainement la tendance des islamo-conservateurs.<br \/>Bref, les priorit\u00e9s sont nombreuses et les bons leaders sont ceux qui savent d\u00e9celer quelle est la priorit\u00e9 du moment et savent en outre classer ces priorit\u00e9s. Il est temps apr\u00e8s bient\u00f4t 9 ans de commencer par bien r\u00e9organiser nos priorit\u00e9s.<\/p>\n<p>Mon appel aux \u00e9lus du camp d\u00e9mocrate est de s\u2019asseoir au plus vite maintenant que chacun connaitra d\u2019ici demain son vrai poids \u00e9lectoral.Il s\u2019agira de bien n\u00e9gocier une position dans les 6 mois \u00e0 venir tra\u00e7ant une feuille de route post-\u00e9lectorale pour lecamp politique progressiste. Le choix de l\u2019opposition semble \u00eatre le plus judicieux politiquement. En cas d\u2019\u00e9chec de l\u2019Assembl\u00e9e \u00e0 trouver une majorit\u00e9 ils pourront faire si les \u00e9lections l\u00e9gislatives sont refaites des listes communes. Les passions et les conflits seraient alors \u00e0 calmer.<\/p>\n<p>Faites vos jeux, faites vos n\u00e9gociations et soyez dans l\u2019abn\u00e9gation et derri\u00e8re un objectif souvent peu rappel\u00e9 celui de l\u2019Int\u00e9r\u00eat G\u00e9n\u00e9ral.<\/p>\n<h2>Les pr\u00e9sidentielles du dimanche prochain<\/h2>\n<p>Dans la lanc\u00e9e de cette semaine charg\u00e9e de rendez-vous avec les urnes, les tunisiens sont confront\u00e9s devant le fait de devoir \u00e9lire un pr\u00e9sident dimanche prochain.<\/p>\n<p>La question aux candidats est :que proposez-vous sur la question d\u00e9licate des nominations en vue.<\/p>\n<p>Nous avons un candidat en prison dans une situation in\u00e9dite pour la d\u00e9mocratie \u00e9mergente et un candidat muet.<\/p>\n<p>M. Saied un candidat conservateur est loin d\u2019\u00eatre le plus rassurant. Il refuse de faire campagne et refuse ainsi d\u2019affronter les questions jusqu\u2019ici non pos\u00e9es.<\/p>\n<p>Aux deux candidats je pose la question car les Tunisiens ont le droit de savoir pour mieux fixer leur choix ce dimanche :<\/p>\n<p>Qui va \u00eatre votre Ministre de la D\u00e9fense ? Qui va \u00eatre votre Ministre des Affaires Etrang\u00e8res.<\/p>\n<p>De plus, la Tunisie\u00a0 si\u00e9gera pour la 4\u00e8me fois au Conseil de S\u00e9curit\u00e9 de l&rsquo;ONU en tant que membre non-permanent. La Tunisie a \u00e9t\u00e9 \u00e9lue, le vendredi 7 juin, membre non-permanent du Conseil de s\u00e9curit\u00e9 de l\u2019ONU avec 191 voix sur 193 pays votants, et y si\u00e9gera \u00e0 partir du 1er janvier 2020 pour deux ann\u00e9es (2020-2021). Qui va \u00eatre le repr\u00e9sentant de la Tunisie au Conseil de S\u00e9curit\u00e9 des Nations Unies. Qui va \u00eatre votre candidat pour le poste du Mufti.<\/p>\n<p class=\"c3\"><strong>Dr. Emna Jeblaoui<\/strong><br \/><em>Professeure Universitaire<br \/>Directrice Ex\u00e9cutive de l\u2019association IDH<\/em><\/p>\n<p>Auteur:<br \/>\n<a href=\"https:\/\/www.leaders.com.tn\/article\/28157-emnajeblaoui-les-questions-qui-s-imposent-pour-les-presidentielles\">Cliquez ici pour lire l&rsquo;article depuis sa source.<\/a><\/p>\n","protected":false},"excerpt":{"rendered":"<p>\u00abUne nation fatigu\u00e9e de longs d\u00e9bats consent volontiers qu&rsquo;on la dupe, pourvu qu&rsquo;on la repose, et l&rsquo;histoire nous apprend qu&rsquo;il suffit alors pour la contenter de ramasser dans tout le pays un certain nombre d&rsquo;hommes obscurs ou d\u00e9pendants, et de leur faire jouer devant elle le r\u00f4le d&rsquo;une assembl\u00e9e politique, moyennant salaire.\u00bbAlexis de Tocqueville, L&rsquo;Ancien [&hellip;]<\/p>\n","protected":false},"author":1772,"featured_media":0,"comment_status":"closed","ping_status":"closed","sticky":false,"template":"","format":"standard","meta":{"fifu_image_url":"","fifu_image_alt":"","footnotes":""},"categories":[73,55],"tags":[],"class_list":["post-63759","post","type-post","status-publish","format-standard","hentry","category-actualite","category-tunisie"],"_links":{"self":[{"href":"https:\/\/linitiative.ca\/International\/wp-json\/wp\/v2\/posts\/63759","targetHints":{"allow":["GET"]}}],"collection":[{"href":"https:\/\/linitiative.ca\/International\/wp-json\/wp\/v2\/posts"}],"about":[{"href":"https:\/\/linitiative.ca\/International\/wp-json\/wp\/v2\/types\/post"}],"author":[{"embeddable":true,"href":"https:\/\/linitiative.ca\/International\/wp-json\/wp\/v2\/users\/1772"}],"replies":[{"embeddable":true,"href":"https:\/\/linitiative.ca\/International\/wp-json\/wp\/v2\/comments?post=63759"}],"version-history":[{"count":0,"href":"https:\/\/linitiative.ca\/International\/wp-json\/wp\/v2\/posts\/63759\/revisions"}],"wp:attachment":[{"href":"https:\/\/linitiative.ca\/International\/wp-json\/wp\/v2\/media?parent=63759"}],"wp:term":[{"taxonomy":"category","embeddable":true,"href":"https:\/\/linitiative.ca\/International\/wp-json\/wp\/v2\/categories?post=63759"},{"taxonomy":"post_tag","embeddable":true,"href":"https:\/\/linitiative.ca\/International\/wp-json\/wp\/v2\/tags?post=63759"}],"curies":[{"name":"wp","href":"https:\/\/api.w.org\/{rel}","templated":true}]}}