{"id":63764,"date":"2019-10-08T14:58:00","date_gmt":"2019-10-08T18:58:00","guid":{"rendered":"https:\/\/linitiative.ca\/International\/nabil-karoui-dement-les-rumeurs-de-son-retrait-de-la-course-a-la-presidentielle-et-exige-de-beneficier-du-principe-degalite-des-chances-avec-son-adversaire\/"},"modified":"2019-10-08T14:58:00","modified_gmt":"2019-10-08T18:58:00","slug":"nabil-karoui-dement-les-rumeurs-de-son-retrait-de-la-course-a-la-presidentielle-et-exige-de-beneficier-du-principe-degalite-des-chances-avec-son-adversaire","status":"publish","type":"post","link":"https:\/\/linitiative.ca\/International\/nabil-karoui-dement-les-rumeurs-de-son-retrait-de-la-course-a-la-presidentielle-et-exige-de-beneficier-du-principe-degalite-des-chances-avec-son-adversaire\/","title":{"rendered":"Nabil Karoui d\u00e9ment les rumeurs de son retrait de la course \u00e0 la pr\u00e9sidentielle et exige \u00abde b\u00e9n\u00e9ficier du principe d&rsquo;\u00e9galit\u00e9 des chances avec son adversaire\u00bb"},"content":{"rendered":"<p>Dans un communiqu\u00e9, Le service de presse de la campagne de Nabil Karoui, pr\u00e9cise que ce dernier \u00abtient \u00e0 son droit de se pr\u00e9senter au deuxi\u00e8me tour de l&rsquo;\u00e9lection pr\u00e9sidentielle anticip\u00e9e, apr\u00e8s son \u00e9lection au deuxi\u00e8me tour par respect \u00e0 la volont\u00e9 du peuple et des \u00e9lecteurs qui l\u2019ont \u00e9lu et qualifie les rumeurs relatives \u00e0 son retrait de la course \u00e0 la pr\u00e9sidentielle de \u00ab fausses et infond\u00e9es\u00bb.<\/p>\n<p>Il ajoute que \u00abLe candidat refuse d\u2019accorder des d\u00e9clarations aux journalistes ou aux m\u00e9dias pendant son incarc\u00e9ration et ce, en protestation contre son emprisonnement injuste et pour des raisons politiques, sans oublier l&rsquo;absence du principe fondamental de l\u2019\u00e9galit\u00e9 des chances entre lui et son adversaire qui jouit de tous ses droits constitutionnels et a envoy\u00e9 le 30 septembre une demande officielle \u00e0 l&rsquo;ISIE dans laquelle \u00abil a exig\u00e9 de pouvoir se d\u00e9placer dans tous les gouvernorats pendant la campagne et \u00eatre en contact direct avec les m\u00e9dias\u00bb.<\/p>\n<p>\u00a0<\/p>\n<p>Auteur:<br \/>\n<a href=\"https:\/\/www.leaders.com.tn\/article\/28162-nabil-karoui-dement-les-rumeurs-de-son-retrait-de-la-course-a-la-presidentielle-et-exige-de-beneficier-du-principe-d-egalite-des-chances-avec-son-adversaire\">Cliquez ici pour lire l&rsquo;article depuis sa source.<\/a><\/p>\n","protected":false},"excerpt":{"rendered":"<p>Dans un communiqu\u00e9, Le service de presse de la campagne de Nabil Karoui, pr\u00e9cise que ce dernier \u00abtient \u00e0 son droit de se pr\u00e9senter au deuxi\u00e8me tour de l&rsquo;\u00e9lection pr\u00e9sidentielle anticip\u00e9e, apr\u00e8s son \u00e9lection au deuxi\u00e8me tour par respect \u00e0 la volont\u00e9 du peuple et des \u00e9lecteurs qui l\u2019ont \u00e9lu et qualifie les rumeurs relatives [&hellip;]<\/p>\n","protected":false},"author":1772,"featured_media":0,"comment_status":"closed","ping_status":"closed","sticky":false,"template":"","format":"standard","meta":{"fifu_image_url":"","fifu_image_alt":"","footnotes":""},"categories":[73,55],"tags":[],"class_list":["post-63764","post","type-post","status-publish","format-standard","hentry","category-actualite","category-tunisie"],"_links":{"self":[{"href":"https:\/\/linitiative.ca\/International\/wp-json\/wp\/v2\/posts\/63764","targetHints":{"allow":["GET"]}}],"collection":[{"href":"https:\/\/linitiative.ca\/International\/wp-json\/wp\/v2\/posts"}],"about":[{"href":"https:\/\/linitiative.ca\/International\/wp-json\/wp\/v2\/types\/post"}],"author":[{"embeddable":true,"href":"https:\/\/linitiative.ca\/International\/wp-json\/wp\/v2\/users\/1772"}],"replies":[{"embeddable":true,"href":"https:\/\/linitiative.ca\/International\/wp-json\/wp\/v2\/comments?post=63764"}],"version-history":[{"count":0,"href":"https:\/\/linitiative.ca\/International\/wp-json\/wp\/v2\/posts\/63764\/revisions"}],"wp:attachment":[{"href":"https:\/\/linitiative.ca\/International\/wp-json\/wp\/v2\/media?parent=63764"}],"wp:term":[{"taxonomy":"category","embeddable":true,"href":"https:\/\/linitiative.ca\/International\/wp-json\/wp\/v2\/categories?post=63764"},{"taxonomy":"post_tag","embeddable":true,"href":"https:\/\/linitiative.ca\/International\/wp-json\/wp\/v2\/tags?post=63764"}],"curies":[{"name":"wp","href":"https:\/\/api.w.org\/{rel}","templated":true}]}}