{"id":63766,"date":"2019-10-08T09:14:51","date_gmt":"2019-10-08T13:14:51","guid":{"rendered":"https:\/\/linitiative.ca\/International\/casablanca-un-after-work-de-business-networking-organise-par-le-club-des-dirigeants\/"},"modified":"2019-10-08T09:14:51","modified_gmt":"2019-10-08T13:14:51","slug":"casablanca-un-after-work-de-business-networking-organise-par-le-club-des-dirigeants","status":"publish","type":"post","link":"https:\/\/linitiative.ca\/International\/casablanca-un-after-work-de-business-networking-organise-par-le-club-des-dirigeants\/","title":{"rendered":"Casablanca : Un After Work de business &amp; networking organis\u00e9 par le Club des Dirigeants"},"content":{"rendered":"<p><strong>Le Club des Dirigeants (CDD) organise un After Work de business et networking,jeudi 10 octobre 2019, \u00e0 l\u2019h\u00f4tel Farah \u00e0 Casablanca.<\/strong><\/p>\n<div class=\"c10\"\/>\n<p>Cet \u00e9v\u00e8nement regroupera des entrepreneurs marocains dont le but est de renforcer les liens entre eux et \u00e9largir leurs r\u00e9seaux d\u2019affaires d\u2019une mani\u00e8re qualitative afin d\u2019\u00e9changer ensemble leurs exp\u00e9riences sur les meilleurs pratiques.<\/p>\n<p>A noter que le club des Dirigeants est un Hub d\u2019affaires et d\u2019influence qui f\u00e9d\u00e8re les entrepreneurs et les dirigeants ayant plein pouvoir pour d\u00e9velopper leurs r\u00e9seaux d\u2019affaires d\u2019une mani\u00e8re professionnelle et qualitative.<\/p>\n<div class=\"c17\">\n<fieldset class=\"c16\">\n<legend><strong><span class=\"c11\">Challenge<\/span><span class=\"c12\">news<\/span><\/strong><\/legend>\n<div class=\"c15\">Le meilleur de la r\u00e9daction s\u00e9lectionn\u00e9 par Challenge :<\/p>\n<\/div>\n<\/fieldset>\n<\/div>\n<p>Auteur: Hajar DARI<br \/>\n<a href=\"https:\/\/www.challenge.ma\/casablanca-un-after-work-de-business-networking-organise-par-le-club-des-dirigeants-119455\/\">Cliquez ici pour lire l&rsquo;article depuis sa source.<\/a><\/p>\n","protected":false},"excerpt":{"rendered":"<p>Le Club des Dirigeants (CDD) organise un After Work de business et networking,jeudi 10 octobre 2019, \u00e0 l\u2019h\u00f4tel Farah \u00e0 Casablanca. Cet \u00e9v\u00e8nement regroupera des entrepreneurs marocains dont le but est de renforcer les liens entre eux et \u00e9largir leurs r\u00e9seaux d\u2019affaires d\u2019une mani\u00e8re qualitative afin d\u2019\u00e9changer ensemble leurs exp\u00e9riences sur les meilleurs pratiques. A [&hellip;]<\/p>\n","protected":false},"author":1787,"featured_media":0,"comment_status":"closed","ping_status":"closed","sticky":false,"template":"","format":"standard","meta":{"fifu_image_url":"","fifu_image_alt":"","footnotes":""},"categories":[78,54],"tags":[],"class_list":["post-63766","post","type-post","status-publish","format-standard","hentry","category-economie","category-maroc"],"_links":{"self":[{"href":"https:\/\/linitiative.ca\/International\/wp-json\/wp\/v2\/posts\/63766","targetHints":{"allow":["GET"]}}],"collection":[{"href":"https:\/\/linitiative.ca\/International\/wp-json\/wp\/v2\/posts"}],"about":[{"href":"https:\/\/linitiative.ca\/International\/wp-json\/wp\/v2\/types\/post"}],"author":[{"embeddable":true,"href":"https:\/\/linitiative.ca\/International\/wp-json\/wp\/v2\/users\/1787"}],"replies":[{"embeddable":true,"href":"https:\/\/linitiative.ca\/International\/wp-json\/wp\/v2\/comments?post=63766"}],"version-history":[{"count":0,"href":"https:\/\/linitiative.ca\/International\/wp-json\/wp\/v2\/posts\/63766\/revisions"}],"wp:attachment":[{"href":"https:\/\/linitiative.ca\/International\/wp-json\/wp\/v2\/media?parent=63766"}],"wp:term":[{"taxonomy":"category","embeddable":true,"href":"https:\/\/linitiative.ca\/International\/wp-json\/wp\/v2\/categories?post=63766"},{"taxonomy":"post_tag","embeddable":true,"href":"https:\/\/linitiative.ca\/International\/wp-json\/wp\/v2\/tags?post=63766"}],"curies":[{"name":"wp","href":"https:\/\/api.w.org\/{rel}","templated":true}]}}