{"id":63767,"date":"2019-10-08T11:20:21","date_gmt":"2019-10-08T15:20:21","guid":{"rendered":"https:\/\/linitiative.ca\/International\/un-nouveau-pdg-a-la-tete-de-centrale-danone\/"},"modified":"2019-10-08T11:20:21","modified_gmt":"2019-10-08T15:20:21","slug":"un-nouveau-pdg-a-la-tete-de-centrale-danone","status":"publish","type":"post","link":"https:\/\/linitiative.ca\/International\/un-nouveau-pdg-a-la-tete-de-centrale-danone\/","title":{"rendered":"Un nouveau PDG \u00e0 la t\u00eate de Centrale Danone"},"content":{"rendered":"<p><strong>La soci\u00e9t\u00e9 Centrale Danone vient de nommer Nathalie Alquier au poste de PDG, \u00e0 compter du 1er novembre prochain.<\/strong><\/p>\n<div class=\"c10\"\/>\n<p>Ag\u00e9e de 54 ans et dipl\u00f4m\u00e9e de HEC Paris, Nathalie Alquier dispose d\u2019une exp\u00e9rience de plus de 30 ans, dont 21 ans au sein du groupe Danone. Elle occupait jusque-l\u00e0 la fonction de General Manager pour Danone en Ukraine depuis ao\u00fbt 2017, o\u00f9 l\u2019acc\u00e9l\u00e9ration de la croissance a \u00e9t\u00e9 une de ses r\u00e9ussites majeures.<\/p>\n<p>Alquier remplacera donc Didier Lamblin, qui quitte Centrale Danone apr\u00e8s une carri\u00e8re de 40 ans au sein du groupe fran\u00e7ais.<\/p>\n<div class=\"c17\">\n<fieldset class=\"c16\">\n<legend><strong><span class=\"c11\">Challenge<\/span><span class=\"c12\">news<\/span><\/strong><\/legend>\n<div class=\"c15\">Le meilleur de la r\u00e9daction s\u00e9lectionn\u00e9 par Challenge :<\/p>\n<\/div>\n<\/fieldset>\n<\/div>\n<p>Auteur: Hajar DARI<br \/>\n<a href=\"https:\/\/www.challenge.ma\/un-nouveau-pdg-a-la-tete-de-centrale-danone-119469\/\">Cliquez ici pour lire l&rsquo;article depuis sa source.<\/a><\/p>\n","protected":false},"excerpt":{"rendered":"<p>La soci\u00e9t\u00e9 Centrale Danone vient de nommer Nathalie Alquier au poste de PDG, \u00e0 compter du 1er novembre prochain. Ag\u00e9e de 54 ans et dipl\u00f4m\u00e9e de HEC Paris, Nathalie Alquier dispose d\u2019une exp\u00e9rience de plus de 30 ans, dont 21 ans au sein du groupe Danone. Elle occupait jusque-l\u00e0 la fonction de General Manager pour [&hellip;]<\/p>\n","protected":false},"author":1787,"featured_media":0,"comment_status":"closed","ping_status":"closed","sticky":false,"template":"","format":"standard","meta":{"fifu_image_url":"","fifu_image_alt":"","footnotes":""},"categories":[78,54],"tags":[],"class_list":["post-63767","post","type-post","status-publish","format-standard","hentry","category-economie","category-maroc"],"_links":{"self":[{"href":"https:\/\/linitiative.ca\/International\/wp-json\/wp\/v2\/posts\/63767","targetHints":{"allow":["GET"]}}],"collection":[{"href":"https:\/\/linitiative.ca\/International\/wp-json\/wp\/v2\/posts"}],"about":[{"href":"https:\/\/linitiative.ca\/International\/wp-json\/wp\/v2\/types\/post"}],"author":[{"embeddable":true,"href":"https:\/\/linitiative.ca\/International\/wp-json\/wp\/v2\/users\/1787"}],"replies":[{"embeddable":true,"href":"https:\/\/linitiative.ca\/International\/wp-json\/wp\/v2\/comments?post=63767"}],"version-history":[{"count":0,"href":"https:\/\/linitiative.ca\/International\/wp-json\/wp\/v2\/posts\/63767\/revisions"}],"wp:attachment":[{"href":"https:\/\/linitiative.ca\/International\/wp-json\/wp\/v2\/media?parent=63767"}],"wp:term":[{"taxonomy":"category","embeddable":true,"href":"https:\/\/linitiative.ca\/International\/wp-json\/wp\/v2\/categories?post=63767"},{"taxonomy":"post_tag","embeddable":true,"href":"https:\/\/linitiative.ca\/International\/wp-json\/wp\/v2\/tags?post=63767"}],"curies":[{"name":"wp","href":"https:\/\/api.w.org\/{rel}","templated":true}]}}