{"id":63769,"date":"2019-10-08T11:36:45","date_gmt":"2019-10-08T15:36:45","guid":{"rendered":"https:\/\/linitiative.ca\/International\/voici-a-quoi-ressemblera-le-maillot-des-lions-de-latlas\/"},"modified":"2019-10-08T11:36:45","modified_gmt":"2019-10-08T15:36:45","slug":"voici-a-quoi-ressemblera-le-maillot-des-lions-de-latlas","status":"publish","type":"post","link":"https:\/\/linitiative.ca\/International\/voici-a-quoi-ressemblera-le-maillot-des-lions-de-latlas\/","title":{"rendered":"Voici \u00e0 quoi ressemblera le maillot des Lions de l\u2019Atlas"},"content":{"rendered":"<p><strong>Des images se sont r\u00e9pandues sur les r\u00e9seaux sociaux, notant qu\u2019il s\u2019agit du maillot de la s\u00e9lection nationale, qui sera officiellement d\u00e9voil\u00e9 mercredi.<\/strong><\/p>\n<div class=\"c10\"\/>\n<p>Une photo publi\u00e9e sur plusieurs pages Facebook de ce qui est cens\u00e9 \u00eatre le nouveau maillot de l\u2019\u00e9quipe nationale, fabriqu\u00e9 par l\u2019\u00e9quipementier international Puma, sp\u00e9cialis\u00e9 dans la pr\u00e9paration de v\u00eatements et de fournitures de sport.<\/p>\n<p><img decoding=\"async\" src=\"https:\/\/www.challenge.ma\/wp-content\/uploads\/2019\/10\/71813260_397260801207405_5863422505628205056_n.jpg\" alt=\"\" class=\"wp-image-119444\" srcset=\"https:\/\/www.challenge.ma\/wp-content\/uploads\/2019\/10\/71813260_397260801207405_5863422505628205056_n.jpg 720w, https:\/\/www.challenge.ma\/wp-content\/uploads\/2019\/10\/71813260_397260801207405_5863422505628205056_n-225x300.jpg 225w, https:\/\/www.challenge.ma\/wp-content\/uploads\/2019\/10\/71813260_397260801207405_5863422505628205056_n-360x480.jpg 360w\" sizes=\"(max-width: 720px) 100vw, 720px\"\/><\/p>\n<div class=\"wp-block-embed__wrapper\">\n<div class=\"fb-post\" data-href=\"https:\/\/www.facebook.com\/VHmagazine\/photos\/a.10152582970032844\/10156595756347844\/?type=3&#038;theater\" data-width=\"750\">\n<blockquote cite=\"https:\/\/www.facebook.com\/VHmagazine\/photos\/a.10152582970032844\/10156595756347844\/?type=3\" class=\"fb-xfbml-parse-ignore\">\n<p>#footballLe nouveau maillot de la s\u00e9lection nationale sera d\u00e9voil\u00e9 ce mercredi \u00e0 l&rsquo;occasion de l&rsquo;ouverture du nouveau\u2026<\/p>\n<p>Publi\u00e9e par <a href=\"https:\/\/www.facebook.com\/VHmagazine\/\">VH Magazine<\/a> sur\u00a0<a href=\"https:\/\/www.facebook.com\/VHmagazine\/photos\/a.10152582970032844\/10156595756347844\/?type=3\">Lundi 7 octobre 2019<\/a><\/p><\/blockquote>\n<\/div>\n<\/div>\n<p>La F\u00e9d\u00e9ration royale marocaine de football s\u2019est d\u00e9sengag\u00e9e d\u2019Adidas, charg\u00e9e de pr\u00e9parer les maillots et les fournitures de l\u2019\u00e9quipe nationale, en \u00e9change du contrat avec Puma, qui avait pr\u00e9c\u00e9demment supervis\u00e9 la pr\u00e9paration des maillots de l\u2019\u00e9quipe marocaine.<\/p>\n<div class=\"c17\">\n<fieldset class=\"c16\">\n<legend><strong><span class=\"c11\">Challenge<\/span><span class=\"c12\">news<\/span><\/strong><\/legend>\n<div class=\"c15\">Le meilleur de la r\u00e9daction s\u00e9lectionn\u00e9 par Challenge :<\/p>\n<\/div>\n<\/fieldset>\n<\/div>\n<p>Auteur: Hajar DARI<br \/>\n<a href=\"https:\/\/www.challenge.ma\/voici-a-quoi-ressemblera-le-maillot-des-lions-de-latlas-119440\/\">Cliquez ici pour lire l&rsquo;article depuis sa source.<\/a><\/p>\n","protected":false},"excerpt":{"rendered":"<p>Des images se sont r\u00e9pandues sur les r\u00e9seaux sociaux, notant qu\u2019il s\u2019agit du maillot de la s\u00e9lection nationale, qui sera officiellement d\u00e9voil\u00e9 mercredi. Une photo publi\u00e9e sur plusieurs pages Facebook de ce qui est cens\u00e9 \u00eatre le nouveau maillot de l\u2019\u00e9quipe nationale, fabriqu\u00e9 par l\u2019\u00e9quipementier international Puma, sp\u00e9cialis\u00e9 dans la pr\u00e9paration de v\u00eatements et de [&hellip;]<\/p>\n","protected":false},"author":1787,"featured_media":63770,"comment_status":"closed","ping_status":"closed","sticky":false,"template":"","format":"standard","meta":{"fifu_image_url":"","fifu_image_alt":"","footnotes":""},"categories":[78,54],"tags":[],"class_list":["post-63769","post","type-post","status-publish","format-standard","has-post-thumbnail","hentry","category-economie","category-maroc"],"_links":{"self":[{"href":"https:\/\/linitiative.ca\/International\/wp-json\/wp\/v2\/posts\/63769","targetHints":{"allow":["GET"]}}],"collection":[{"href":"https:\/\/linitiative.ca\/International\/wp-json\/wp\/v2\/posts"}],"about":[{"href":"https:\/\/linitiative.ca\/International\/wp-json\/wp\/v2\/types\/post"}],"author":[{"embeddable":true,"href":"https:\/\/linitiative.ca\/International\/wp-json\/wp\/v2\/users\/1787"}],"replies":[{"embeddable":true,"href":"https:\/\/linitiative.ca\/International\/wp-json\/wp\/v2\/comments?post=63769"}],"version-history":[{"count":0,"href":"https:\/\/linitiative.ca\/International\/wp-json\/wp\/v2\/posts\/63769\/revisions"}],"wp:featuredmedia":[{"embeddable":true,"href":"https:\/\/linitiative.ca\/International\/wp-json\/"}],"wp:attachment":[{"href":"https:\/\/linitiative.ca\/International\/wp-json\/wp\/v2\/media?parent=63769"}],"wp:term":[{"taxonomy":"category","embeddable":true,"href":"https:\/\/linitiative.ca\/International\/wp-json\/wp\/v2\/categories?post=63769"},{"taxonomy":"post_tag","embeddable":true,"href":"https:\/\/linitiative.ca\/International\/wp-json\/wp\/v2\/tags?post=63769"}],"curies":[{"name":"wp","href":"https:\/\/api.w.org\/{rel}","templated":true}]}}