{"id":63771,"date":"2019-10-08T13:15:39","date_gmt":"2019-10-08T17:15:39","guid":{"rendered":"https:\/\/linitiative.ca\/International\/classic-cars-expo-une-2eme-edition-qui-sannonce-tres-prometteuse\/"},"modified":"2019-10-08T13:15:39","modified_gmt":"2019-10-08T17:15:39","slug":"classic-cars-expo-une-2eme-edition-qui-sannonce-tres-prometteuse","status":"publish","type":"post","link":"https:\/\/linitiative.ca\/International\/classic-cars-expo-une-2eme-edition-qui-sannonce-tres-prometteuse\/","title":{"rendered":"Classic Cars Expo : Une 2\u00e8me \u00e9dition qui s\u2019annonce tr\u00e8s prometteuse !"},"content":{"rendered":"<p><strong>Plus que quelques jours \u00e0 attendre pour pouvoir prendre part \u00e0 la 2\u00e8me \u00e9dition du Classic Cars Expo, le rendez-vous incontournable des passionn\u00e9s de l\u2019automobile dans le Royaume.<\/strong><\/p>\n<div class=\"c10\"\/>\n<p>Plac\u00e9 sous l\u2019\u00e9gide de l\u2019Union Marocaine des Automobiles Anciennes, ce Salon consacr\u00e9 aux v\u00e9hicules d\u2019\u00e9poque a pour vocation premi\u00e8re de pr\u00e9senter, de pr\u00e9server et de valoriser le patrimoine national. Il regroupera du 18 au 20 octobre prochain au Motorvillage de Bouskoura l\u2019ensemble des collectionneurs du Royaume et autres passionn\u00e9s automobiles.<\/p>\n<p>\u00c0 cet effet, plus de 250 v\u00e9hicules classiques, rares, \u00e9l\u00e9gants et prestigieux, qu\u2019ils soient sportifs ou populaires, y seront expos\u00e9s. Plusieurs constructeurs automobiles seront \u00e0 cette occasion sous le feu des projecteurs, dont Fiat et Alfa Romeo. En outre, de nombreuses animations ont \u00e9t\u00e9 pr\u00e9vues durant l\u2019\u00e9v\u00e9nement par le comit\u00e9 d\u2019organisation dont des ateliers de r\u00e9flexion entre collectionneurs et professionnels, des ateliers de restauration de v\u00e9hicules anciens, des stands d\u2019accessoires et de pi\u00e8ces d\u00e9tach\u00e9es, voire des ench\u00e8res publiques li\u00e9es aux v\u00e9hicules de collection. Un rendez-vous \u00e0 ne surtout pas manquer pour les nombreux passionn\u00e9s de l\u2019automobile que compte le Royaume.<\/p>\n<p>Faut-il pr\u00e9ciser que l\u2019UMAA, qui \u0153uvre depuis sa cr\u00e9ation pour la pr\u00e9servation des v\u00e9hicules d\u2019\u00e9poque, a\u00a0mis en place un plan d\u2019action pour la mise en valeur d\u2019un patrimoine national effectif. Ainsi, ses membres ne cessent de faire sa promotion \u00e0 travers des \u00e9v\u00e8nements en tous genres, le plus embl\u00e9matique \u00e9tant le Classic Cars Expo. \u00c0 noter que l\u2019UMAA remercie vivement tous les partenaires qui prendront pleinement part \u00e0 la r\u00e9ussite de cet \u00e9v\u00e8nement.<\/p>\n<div class=\"c17\">\n<fieldset class=\"c16\">\n<legend><strong><span class=\"c11\">Challenge<\/span><span class=\"c12\">news<\/span><\/strong><\/legend>\n<div class=\"c15\">Le meilleur de la r\u00e9daction s\u00e9lectionn\u00e9 par Challenge :<\/p>\n<\/div>\n<\/fieldset>\n<\/div>\n<p>Auteur: David J\u00e9r\u00e9mie<br \/>\n<a href=\"https:\/\/www.challenge.ma\/classic-cars-expo-une-2eme-edition-qui-sannonce-tres-prometteuse-119459\/\">Cliquez ici pour lire l&rsquo;article depuis sa source.<\/a><\/p>\n","protected":false},"excerpt":{"rendered":"<p>Plus que quelques jours \u00e0 attendre pour pouvoir prendre part \u00e0 la 2\u00e8me \u00e9dition du Classic Cars Expo, le rendez-vous incontournable des passionn\u00e9s de l\u2019automobile dans le Royaume. Plac\u00e9 sous l\u2019\u00e9gide de l\u2019Union Marocaine des Automobiles Anciennes, ce Salon consacr\u00e9 aux v\u00e9hicules d\u2019\u00e9poque a pour vocation premi\u00e8re de pr\u00e9senter, de pr\u00e9server et de valoriser le [&hellip;]<\/p>\n","protected":false},"author":1787,"featured_media":0,"comment_status":"closed","ping_status":"closed","sticky":false,"template":"","format":"standard","meta":{"fifu_image_url":"","fifu_image_alt":"","footnotes":""},"categories":[78,54],"tags":[],"class_list":["post-63771","post","type-post","status-publish","format-standard","hentry","category-economie","category-maroc"],"_links":{"self":[{"href":"https:\/\/linitiative.ca\/International\/wp-json\/wp\/v2\/posts\/63771","targetHints":{"allow":["GET"]}}],"collection":[{"href":"https:\/\/linitiative.ca\/International\/wp-json\/wp\/v2\/posts"}],"about":[{"href":"https:\/\/linitiative.ca\/International\/wp-json\/wp\/v2\/types\/post"}],"author":[{"embeddable":true,"href":"https:\/\/linitiative.ca\/International\/wp-json\/wp\/v2\/users\/1787"}],"replies":[{"embeddable":true,"href":"https:\/\/linitiative.ca\/International\/wp-json\/wp\/v2\/comments?post=63771"}],"version-history":[{"count":0,"href":"https:\/\/linitiative.ca\/International\/wp-json\/wp\/v2\/posts\/63771\/revisions"}],"wp:attachment":[{"href":"https:\/\/linitiative.ca\/International\/wp-json\/wp\/v2\/media?parent=63771"}],"wp:term":[{"taxonomy":"category","embeddable":true,"href":"https:\/\/linitiative.ca\/International\/wp-json\/wp\/v2\/categories?post=63771"},{"taxonomy":"post_tag","embeddable":true,"href":"https:\/\/linitiative.ca\/International\/wp-json\/wp\/v2\/tags?post=63771"}],"curies":[{"name":"wp","href":"https:\/\/api.w.org\/{rel}","templated":true}]}}