{"id":63782,"date":"2019-10-07T17:47:45","date_gmt":"2019-10-07T21:47:45","guid":{"rendered":"https:\/\/linitiative.ca\/International\/uemoa-des-reflexions-pour-ameliorer-la-libre-circulation\/"},"modified":"2019-10-07T17:47:45","modified_gmt":"2019-10-07T21:47:45","slug":"uemoa-des-reflexions-pour-ameliorer-la-libre-circulation","status":"publish","type":"post","link":"https:\/\/linitiative.ca\/International\/uemoa-des-reflexions-pour-ameliorer-la-libre-circulation\/","title":{"rendered":"UEMOA : Des r\u00e9flexions pour am\u00e9liorer la libre circulation"},"content":{"rendered":"<div class=\"td-post-featured-image\" readability=\"36\"><a href=\"https:\/\/i1.wp.com\/www.sidwaya.info\/wp-content\/uploads\/2019\/10\/uemoa.gif?fit=700%2C467&#038;ssl=1\" data-caption=\"Le pr\u00e9sident de la Commission de l\u2019UEMOA, Abdallah Boureima, a indiqu\u00e9 que l\u2019ins\u00e9curit\u00e9 grandissante au sein de l\u2019espace constitue un d\u00e9fi majeur pour la consolidation du processus de l\u2019int\u00e9gration.\"><img loading=\"lazy\" decoding=\"async\" width=\"696\" height=\"464\" class=\"entry-thumb td-modal-image\" src=\"https:\/\/i1.wp.com\/www.sidwaya.info\/wp-content\/uploads\/2019\/10\/uemoa.gif?resize=696%2C464&#038;ssl=1\" alt=\"\" title=\"uemoa\"\/><\/a>Le pr\u00e9sident de la Commission de l\u2019UEMOA, Abdallah Boureima, a indiqu\u00e9 que l\u2019ins\u00e9curit\u00e9 grandissante au sein de l\u2019espace constitue un d\u00e9fi majeur pour la consolidation du processus de l\u2019int\u00e9gration.<\/div>\n<p><strong>Dans le cadre de son 25e anniversaire, l\u2019Union \u00e9conomique et mon\u00e9taire ouest africaine (UEMOA) organise, du 7 au 8 octobre 2019 \u00e0 Ouagadougou, un forum scientifique afin de r\u00e9fl\u00e9chir \u00e0 la probl\u00e9matique de la libre circulation des personnes et des biens dans un espace communautaire s\u00e9curis\u00e9.<\/strong><\/p>\n<p>La question de l\u2019int\u00e9gration au sein de l\u2019Union \u00e9conomique et mon\u00e9taire ouest-africaine (UEMOA) pr\u00e9occupe ses Etats membres. Dans ce sens, il se tient \u00e0 Ouagadougou, du 7 au 8 Octobre 2019, un forum scientifique de haut niveau en vue d\u2019approfondir les r\u00e9flexions sur le sujet. Ce forum qui se tient en marge du 25e anniversaire de l\u2019Union est plac\u00e9 sur le th\u00e8me\u00a0:\u00a0\u00ab\u00a0 UEMOA, 25 ans\u00a0: ensemble relevons le d\u00e9fi de la libre circulation des personnes et des biens dans un espace communautaire s\u00e9curis\u00e9\u00a0\u00bb.<\/p>\n<p>Cette rencontre, a indiqu\u00e9 le pr\u00e9sident de la Commission, Abdallah Boureima, offre une occasion de questionner les pratiques face \u00e0 la probl\u00e9matique de la libre circulation des personnes et des biens. Selon lui, l\u2019UEMOA constitue un espace d\u2019int\u00e9gration r\u00e9ussi en Afrique, mais tout de m\u00eame, l\u2019Union reste confront\u00e9e \u00e0 des difficult\u00e9s qui plombent le niveau d\u2019int\u00e9gration entre ses Etats membres.<\/p>\n<p>Au nombre des avanc\u00e9es majeures r\u00e9alis\u00e9es, en terme de libre circulation des personnes et des biens, il a cit\u00e9, entre autres, l\u2019adoption de la directive relative \u00e0 la mobilit\u00e9 des \u00e9tudiants dans l\u2019espace, les directives portant sur la circulation et le libre \u00e9tablissement des professionnels et l\u2019institutionnalisation d\u2019un visa unique UEMOA, avec l\u2019adoption d\u2019un acte additionnel dans le domaine de la circulation et du s\u00e9jour des personnes non ressortissantes de l\u2019Union, etc.<\/p>\n<p>\u00ab\u00a0Ces initiatives t\u00e9moignent de la volont\u00e9 de nos Etats membres de concr\u00e9tiser la forte aspiration de construire un espace uni en progr\u00e8s continu pour le bien-\u00eatre de ses populations\u00a0\u00bb, a d\u00e9clar\u00e9 Abdallah Boureima. Toutefois, a-t-il relev\u00e9, il subsiste encore des obstacles qui font r\u00e9gresser le niveau des \u00e9changes intracommunautaires et certains textes sur le droit d\u2019\u00e9tablissement ne sont pas pleinement appliqu\u00e9s par les Etats.<\/p>\n<p>D\u2019o\u00f9, \u00e0 son avis, l\u2019int\u00e9r\u00eat de ce forum qui permettra de r\u00e9examiner les d\u00e9fis majeurs inh\u00e9rents \u00e0 la libre circulation des personnes et des biens et qui se posent au sein de l\u2019espace communautaire. Quelles sont les causes profondes du faible taux des \u00e9changes intercommunautaires? Comment concilier le principe de la libre circulation des personnes et des biens avec l\u2019imp\u00e9ratif s\u00e9curitaire\u00a0?<\/p>\n<h3>Faire de l\u2019int\u00e9gration r\u00e9gionale, une r\u00e9alit\u00e9<\/h3>\n<p><img loading=\"lazy\" decoding=\"async\" class=\"size-medium wp-image-14895\" src=\"https:\/\/i2.wp.com\/www.sidwaya.info\/wp-content\/uploads\/2019\/10\/UEMOA2.gif?resize=300%2C200&#038;ssl=1\" alt=\"\" width=\"300\" height=\"200\" srcset=\"https:\/\/i2.wp.com\/www.sidwaya.info\/wp-content\/uploads\/2019\/10\/UEMOA2.gif?resize=300%2C200&#038;ssl=1 300w, https:\/\/i2.wp.com\/www.sidwaya.info\/wp-content\/uploads\/2019\/10\/UEMOA2.gif?resize=696%2C464&#038;ssl=1 696w, https:\/\/i2.wp.com\/www.sidwaya.info\/wp-content\/uploads\/2019\/10\/UEMOA2.gif?resize=630%2C420&#038;ssl=1 630w\" sizes=\"auto, (max-width: 300px) 100vw, 300px\" data-recalc-dims=\"1\"\/>Les experts venus d\u2019horizons divers vont passer au peigne fin les enjeux et les d\u00e9fis li\u00e9s \u00e0 la libre circulation des personnes dans les pays membres de l\u2019Union.<\/p>\n<p>Comment renforcer l\u2019Union de sorte \u00e0 pouvoir assurer l\u2019application des dispositions communautaires sur la libre circulation\u00a0? Telles sont, entre autres, les interrogations sur lesquelles les experts, venus d\u2019horizons divers \u00e9changeront pendant le forum, \u00e0 travers des panels. Le directeur ex\u00e9cutif de l\u2019Institut des futurs Africains, Dr Alioun Sall, lors la conf\u00e9rence inaugurale sur le th\u00e8me \u00ab\u00a0Enjeux de l\u2019int\u00e9gration et perspectives de l\u2019Afrique en g\u00e9n\u00e9ral et de l\u2019Afrique de l\u2019Ouest en particulier\u00a0\u00bb, a fait savoir que l\u2019id\u00e9al d\u2019int\u00e9gration \u00e9conomique a \u00e9t\u00e9 une constante dans les discours et les engagements politiques depuis les ind\u00e9pendances des pays africains.<\/p>\n<p>Mais en d\u00e9pit de tout cela, le bilan de l\u2019int\u00e9gration r\u00e9gionale en Afrique demeure mitig\u00e9. Au niveau de l\u2019UEMOA par exemple, il a soulign\u00e9 que toutes les reformes n\u00e9cessaires pour cr\u00e9er un march\u00e9 commun bas\u00e9 sur la libre circulation des personnes, des biens, des services, etc. ont \u00e9t\u00e9 prises par les instances de l\u2019institution sans que les objectifs ne soient jamais atteints.<\/p>\n<p>C\u2019est pourquoi, il urge de relever certains d\u00e9fis importants. Il s\u2019agit, de son point de vue, de la gouvernance s\u00e9curitaire et politique, du d\u00e9veloppement des ressources humaines, du d\u00e9veloppement des infrastructures et de la perspective de l\u2019int\u00e9gration dans la zone \u00ab\u00a0Eco\u00a0\u00bb.\u00a0\u00ab\u00a0Relever ces d\u00e9fis exige une r\u00e9flexion globale et de long terme sur le futur de l\u2019UEMOA, avec le concours de tous les acteurs\u00a0\u00bb, a insist\u00e9 Alioune Sall.<\/p>\n<p>Dans cette dynamique, le pr\u00e9sident de la Commission de l\u2019UEMOA a souhait\u00e9 que les \u00e9changes d\u00e9bouchent sur la formulation de recommandations op\u00e9rationnelles aux fins de faire de l\u2019int\u00e9gration une r\u00e9alit\u00e9 au bonheur des populations. Quatre panels sont pr\u00e9vus avec des th\u00e9matiques ax\u00e9es sur la libre circulation des personnes et des biens dans l\u2019espace communautaire.<\/p>\n<p class=\"c1\"><strong>Souma\u00efla BONKOUNGOU<\/strong><\/p>\n<div class=\"td-a-rec td-a-rec-id-content_bottom td_uid_30_5d9d032233840_rand td_block_template_1\"><img loading=\"lazy\" decoding=\"async\" class=\"aligncenter size-full wp-image-9623\" src=\"https:\/\/www.sidwaya.info\/wp-content\/uploads\/2019\/06\/Projet-bannie%CC%80re-Orange-mobile.jpg\" alt=\"\" width=\"728\" height=\"81\"\/><\/div>\n<p>Auteur: JK. Sidwaya<br \/>\n<a href=\"https:\/\/www.sidwaya.info\/blog\/2019\/10\/07\/uemoa-des-reflexions-pour-ameliorer-la-libre-circulation\/\">Cliquez ici pour lire l&rsquo;article depuis sa source.<\/a><\/p>\n","protected":false},"excerpt":{"rendered":"<p>Le pr\u00e9sident de la Commission de l\u2019UEMOA, Abdallah Boureima, a indiqu\u00e9 que l\u2019ins\u00e9curit\u00e9 grandissante au sein de l\u2019espace constitue un d\u00e9fi majeur pour la consolidation du processus de l\u2019int\u00e9gration. Dans le cadre de son 25e anniversaire, l\u2019Union \u00e9conomique et mon\u00e9taire ouest africaine (UEMOA) organise, du 7 au 8 octobre 2019 \u00e0 Ouagadougou, un forum scientifique [&hellip;]<\/p>\n","protected":false},"author":1816,"featured_media":0,"comment_status":"closed","ping_status":"closed","sticky":false,"template":"","format":"standard","meta":{"fifu_image_url":"","fifu_image_alt":"","footnotes":""},"categories":[73,81],"tags":[],"class_list":["post-63782","post","type-post","status-publish","format-standard","hentry","category-actualite","category-burkina-faso"],"_links":{"self":[{"href":"https:\/\/linitiative.ca\/International\/wp-json\/wp\/v2\/posts\/63782","targetHints":{"allow":["GET"]}}],"collection":[{"href":"https:\/\/linitiative.ca\/International\/wp-json\/wp\/v2\/posts"}],"about":[{"href":"https:\/\/linitiative.ca\/International\/wp-json\/wp\/v2\/types\/post"}],"author":[{"embeddable":true,"href":"https:\/\/linitiative.ca\/International\/wp-json\/wp\/v2\/users\/1816"}],"replies":[{"embeddable":true,"href":"https:\/\/linitiative.ca\/International\/wp-json\/wp\/v2\/comments?post=63782"}],"version-history":[{"count":0,"href":"https:\/\/linitiative.ca\/International\/wp-json\/wp\/v2\/posts\/63782\/revisions"}],"wp:attachment":[{"href":"https:\/\/linitiative.ca\/International\/wp-json\/wp\/v2\/media?parent=63782"}],"wp:term":[{"taxonomy":"category","embeddable":true,"href":"https:\/\/linitiative.ca\/International\/wp-json\/wp\/v2\/categories?post=63782"},{"taxonomy":"post_tag","embeddable":true,"href":"https:\/\/linitiative.ca\/International\/wp-json\/wp\/v2\/tags?post=63782"}],"curies":[{"name":"wp","href":"https:\/\/api.w.org\/{rel}","templated":true}]}}