{"id":63784,"date":"2019-10-08T16:50:06","date_gmt":"2019-10-08T20:50:06","guid":{"rendered":"https:\/\/linitiative.ca\/International\/ouighours-washington-accentue-la-pression-sur-pekin\/"},"modified":"2019-10-08T16:50:06","modified_gmt":"2019-10-08T20:50:06","slug":"ouighours-washington-accentue-la-pression-sur-pekin","status":"publish","type":"post","link":"https:\/\/linitiative.ca\/International\/ouighours-washington-accentue-la-pression-sur-pekin\/","title":{"rendered":"Ou\u00efghours: Washington accentue la pression sur P\u00e9kin"},"content":{"rendered":"<div readability=\"32\">\n<p>Publi\u00e9 le 08.10.2019 \u00e0 21h50 par AFP<\/p>\n<\/div>\n<div readability=\"141\">\n<p>Apr\u00e8s la liste noire, les \u00ab\u00a0restrictions de visas\u00a0\u00bb: les Etats-Unis ont encore accentu\u00e9 mardi la pression sur la Chine pour d\u00e9noncer une \u00ab\u00a0campagne de r\u00e9pression\u00a0\u00bb contre les musulmans ou\u00efghours au Xinjiang malgr\u00e9 les protestations de P\u00e9kin.<\/p>\n<p>\u00ab\u00a0La Chine d\u00e9tient par la force plus d\u2019un million de musulmans dans le cadre d\u2019une campagne syst\u00e9matique et brutale pour \u00e9radiquer leur religion et leur culture au Xinjiang\u00a0\u00bb, dans le nord-ouest de la Chine, a d\u00e9nonc\u00e9 le chef de la diplomatie am\u00e9ricaine Mike Pompeo.<\/p>\n<p>En r\u00e9ponse, il a annonc\u00e9 dans un communiqu\u00e9 des \u00ab\u00a0restrictions\u00a0\u00bb dans l\u2019octroi de visas am\u00e9ricains \u00e0 des responsables du gouvernement et du Parti communiste chinois accus\u00e9s d\u2019\u00eatre \u00ab\u00a0responsables\u00a0\u00bb ou \u00ab\u00a0complices\u00a0\u00bb de cette \u00ab\u00a0campagne de r\u00e9pression\u00a0\u00bb. Il n\u2019a pas cit\u00e9 le nombre ni les identit\u00e9s des responsables vis\u00e9s, se bornant \u00e0 ajouter que ces sanctions concerneraient aussi les membres de leur famille.<\/p>\n<p>Le secr\u00e9taire d\u2019Etat a pr\u00e9cis\u00e9 que ces \u00ab\u00a0restrictions de visas\u00a0\u00bb venaient \u00ab\u00a0compl\u00e9ter\u00a0\u00bb l\u2019inscription lundi sur une liste noire du d\u00e9partement am\u00e9ricain du Commerce de 28 organisations gouvernementales et commerciales chinoises impliqu\u00e9es dans la surveillance au Xinjiang.<\/p>\n<p>Ces entit\u00e9s ne peuvent plus importer de produits depuis les Etats-Unis.<\/p>\n<p>\u00ab\u00a0La Chine doit mettre fin \u00e0 sa surveillance et \u00e0 sa r\u00e9pression draconiennes et lib\u00e9rer toutes les personnes arbitrairement d\u00e9tenues\u00a0\u00bb, a martel\u00e9 mardi Mike Pompeo.<\/p>\n<p>Selon des organisations de d\u00e9fense des droits humains ainsi que la diplomatie am\u00e9ricaine, plus d\u2019un million de musulmans, principalement de l\u2019ethnie turcophone ou\u00efghoure, sont d\u00e9tenus dans des camps de r\u00e9\u00e9ducation politique dans cette r\u00e9gion du nord-ouest chinois.<\/p>\n<p>P\u00e9kin d\u00e9ment ce chiffre et parle de \u00ab\u00a0centres de formation professionnelle\u00a0\u00bb afin de lutter contre l\u2019islamisme, le s\u00e9paratisme et le terrorisme, le Xinjiang ayant \u00e9t\u00e9 par le pass\u00e9 le th\u00e9\u00e2tre d\u2019attentats attribu\u00e9s aux Ou\u00efghours.<\/p>\n<p>\u2013 \u00ab\u00a0Pr\u00e9texte pour s\u2019ing\u00e9rer\u00a0\u00bb \u2013<\/p>\n<p>Sans surprise, la r\u00e9action chinoise a donc \u00e9t\u00e9 vive apr\u00e8s l\u2019annonce de la liste noire am\u00e9ricaine.<\/p>\n<p>\u00ab\u00a0La Chine exprime son fort m\u00e9contentement et son opposition r\u00e9solue\u00a0\u00bb, a d\u00e9clar\u00e9 le porte-parole de la diplomatie chinoise, Geng Shuang, estimant qu\u2019il n\u2019y avait \u00ab\u00a0pas de probl\u00e8me de droits de l\u2019Homme\u00a0\u00bb au Xinjiang.<\/p>\n<p>Alors que l\u2019administration de Donald Trump et P\u00e9kin se livrent depuis plus d\u2019un an une guerre commerciale sans merci, il a accus\u00e9 les Etats-Unis d\u2019utiliser la question du Xinjiang \u00ab\u00a0comme pr\u00e9texte pour s\u2019ing\u00e9rer dans les affaires int\u00e9rieures de la Chine\u00a0\u00bb.<\/p>\n<p>La d\u00e9cision am\u00e9ricaine intervient \u00e0 quelques jours de la reprise des n\u00e9gociations commerciales entre les deux premi\u00e8res puissances \u00e9conomiques mondiales.<\/p>\n<p>Le gouvernement am\u00e9ricain a pr\u00e9cis\u00e9 que huit des 28 organisations vis\u00e9es \u00e9taient des entit\u00e9s commerciales, les autres \u00e9tant des organismes gouvernementaux, dont le Bureau de la s\u00e9curit\u00e9 publique, c\u2019est-\u00e0-dire la police du Xinjiang.<\/p>\n<p>\u00ab\u00a0Cette mesure permettra que nos technologies (\u2026) ne soient pas utilis\u00e9es pour r\u00e9primer des populations minoritaires sans d\u00e9fense\u00a0\u00bb, a expliqu\u00e9 le ministre du Commerce Wilbur Ross.<\/p>\n<p>Parmi les entit\u00e9s concern\u00e9es figure la soci\u00e9t\u00e9 sp\u00e9cialis\u00e9e dans la vid\u00e9osurveillance Hikvision et les entreprises d\u2019intelligence artificielle Megvii Technology et SenseTime, selon un document officiel qui doit \u00eatre publi\u00e9 mercredi aux Etats-Unis.<\/p>\n<p>Hikvision, num\u00e9ro un mondial des \u00e9quipements de vid\u00e9osurveillance, avec 34.000 employ\u00e9s, a profit\u00e9 \u00e0 plein de l\u2019omnipr\u00e9sence des cam\u00e9ras de surveillance en Chine, notamment au Xinjiang.<\/p>\n<p>La soci\u00e9t\u00e9 a critiqu\u00e9 une d\u00e9cision \u00ab\u00a0sans base factuelle\u00a0\u00bb, demandant \u00ab\u00a0au gouvernement am\u00e9ricain un r\u00e9examen\u00a0\u00bb, \u00ab\u00a0fond\u00e9 sur les principes d\u2019\u00e9quit\u00e9, de justice et de non-discrimination\u00a0\u00bb.<\/p>\n<p>Megvii, qui appartient au g\u00e9ant du commerce en ligne Alibaba, a aussi estim\u00e9 dans un communiqu\u00e9 que la mesure am\u00e9ricaine d\u00e9notait \u00ab\u00a0une incompr\u00e9hension\u00a0\u00bb de cette entreprise, qui vante l&rsquo;\u00a0\u00bbincidence positive sur la soci\u00e9t\u00e9\u00a0\u00bb de sa technologie.<\/p>\n<p>Quant \u00e0 SenseTime, elle s\u2019est dite \u00ab\u00a0profond\u00e9ment d\u00e9\u00e7ue\u00a0\u00bb et va \u00ab\u00a0travailler \u00e9troitement avec toutes les autorit\u00e9s concern\u00e9es pour comprendre parfaitement et d\u00e9nouer la situation\u00a0\u00bb.<\/p>\n<p>Au printemps, Huawei, num\u00e9ro deux mondial des smartphones, avait \u00e9t\u00e9 plac\u00e9 sur liste noire par l\u2019administration Trump, dans ce contexte de rivalit\u00e9 technologique et sur fond de soup\u00e7ons d\u2019espionnage au profit de la Chine.<\/p>\n<\/div>\n<p>Auteur: AFP<br \/>\n<a href=\"https:\/\/www.journalducameroun.com\/ouighours-washington-accentue-la-pression-sur-pekin\/\">Cliquez ici pour lire l&rsquo;article depuis sa source.<\/a><\/p>\n","protected":false},"excerpt":{"rendered":"<p>Publi\u00e9 le 08.10.2019 \u00e0 21h50 par AFP Apr\u00e8s la liste noire, les \u00ab\u00a0restrictions de visas\u00a0\u00bb: les Etats-Unis ont encore accentu\u00e9 mardi la pression sur la Chine pour d\u00e9noncer une \u00ab\u00a0campagne de r\u00e9pression\u00a0\u00bb contre les musulmans ou\u00efghours au Xinjiang malgr\u00e9 les protestations de P\u00e9kin. \u00ab\u00a0La Chine d\u00e9tient par la force plus d\u2019un million de musulmans dans [&hellip;]<\/p>\n","protected":false},"author":1965,"featured_media":0,"comment_status":"closed","ping_status":"closed","sticky":false,"template":"","format":"standard","meta":{"fifu_image_url":"","fifu_image_alt":"","footnotes":""},"categories":[73,82],"tags":[],"class_list":["post-63784","post","type-post","status-publish","format-standard","hentry","category-actualite","category-cameroun"],"_links":{"self":[{"href":"https:\/\/linitiative.ca\/International\/wp-json\/wp\/v2\/posts\/63784","targetHints":{"allow":["GET"]}}],"collection":[{"href":"https:\/\/linitiative.ca\/International\/wp-json\/wp\/v2\/posts"}],"about":[{"href":"https:\/\/linitiative.ca\/International\/wp-json\/wp\/v2\/types\/post"}],"author":[{"embeddable":true,"href":"https:\/\/linitiative.ca\/International\/wp-json\/wp\/v2\/users\/1965"}],"replies":[{"embeddable":true,"href":"https:\/\/linitiative.ca\/International\/wp-json\/wp\/v2\/comments?post=63784"}],"version-history":[{"count":0,"href":"https:\/\/linitiative.ca\/International\/wp-json\/wp\/v2\/posts\/63784\/revisions"}],"wp:attachment":[{"href":"https:\/\/linitiative.ca\/International\/wp-json\/wp\/v2\/media?parent=63784"}],"wp:term":[{"taxonomy":"category","embeddable":true,"href":"https:\/\/linitiative.ca\/International\/wp-json\/wp\/v2\/categories?post=63784"},{"taxonomy":"post_tag","embeddable":true,"href":"https:\/\/linitiative.ca\/International\/wp-json\/wp\/v2\/tags?post=63784"}],"curies":[{"name":"wp","href":"https:\/\/api.w.org\/{rel}","templated":true}]}}