{"id":63785,"date":"2019-10-08T16:50:07","date_gmt":"2019-10-08T20:50:07","guid":{"rendered":"https:\/\/linitiative.ca\/International\/la-guerre-commerciale-compromet-le-developpement-des-pays-pauvres-economiste-banque-mondiale\/"},"modified":"2019-10-08T16:50:07","modified_gmt":"2019-10-08T20:50:07","slug":"la-guerre-commerciale-compromet-le-developpement-des-pays-pauvres-economiste-banque-mondiale","status":"publish","type":"post","link":"https:\/\/linitiative.ca\/International\/la-guerre-commerciale-compromet-le-developpement-des-pays-pauvres-economiste-banque-mondiale\/","title":{"rendered":"La guerre commerciale compromet le d\u00e9veloppement des pays pauvres (\u00e9conomiste Banque mondiale)"},"content":{"rendered":"<div readability=\"32\">\n<p>Publi\u00e9 le 08.10.2019 \u00e0 21h50 par AFP<\/p>\n<\/div>\n<div readability=\"150\">\n<p>La guerre commerciale men\u00e9e par Donald Trump compromet la capacit\u00e9 des pays \u00e9mergents et en voie de d\u00e9veloppement \u00e0 s\u2019extirper de la pauvret\u00e9, a soulign\u00e9 mardi l\u2019\u00e9conomiste en chef de la Banque mondiale, Pinelopi Koujianou Goldberg, dans un entretien \u00e0 l\u2019AFP.<\/p>\n<p>\u00ab\u00a0Les tensions commerciales ont accru l\u2019incertitude, ce qui a soudainement diminu\u00e9 les investissements\u00a0\u00bb, explique-t-elle.<\/p>\n<p>Or ces pays fragiles, qui ne disposent pas de capital propre \u00e0 l\u2019instar des pays pauvres d\u2019Afrique, ont fondamentalement besoin d\u2019investissements \u00e9trangers pour se d\u00e9velopper.<\/p>\n<p>La diminution \u00ab\u00a0significative\u00a0\u00bb de ces investissements est d\u2019autant plus probl\u00e9matique que ceux-ci ne s\u2019\u00e9taient \u00ab\u00a0jamais vraiment redress\u00e9s apr\u00e8s la crise financi\u00e8re\u00a0\u00bb de 2008, souligne l\u2019\u00e9conomiste.<\/p>\n<p>Si cette tendance se poursuit, \u00ab\u00a0certains pays ne parviendront jamais \u00e0 sortir de la pauvret\u00e9\u00a0\u00bb, dit-elle.<\/p>\n<p>Pire, des pays qui avaient r\u00e9ussi \u00e0 s\u2019extirper de la pauvret\u00e9, aujourd\u2019hui consid\u00e9r\u00e9s comme \u00e9conomies \u00e0 revenus interm\u00e9diaires, pourraient revenir en arri\u00e8re, pronostique-t-elle.<\/p>\n<p>Et sans croissance, les gens resteront englu\u00e9s dans la pauvret\u00e9, condamn\u00e9s \u00e0 survivre avec moins de 5,5 dollars par jour.<\/p>\n<p>Mme Koujianou Goldberg reconna\u00eet que de nombreux \u00e9conomistes avaient sous-estim\u00e9 les r\u00e9percussions de la guerre commerciale entre les Etats-Unis et la Chine lanc\u00e9e en mars 2018.<\/p>\n<p>\u00ab\u00a0Nous \u00e9tions nombreux \u00e0 penser que les tensions commerciales \u00e9taient un ph\u00e9nom\u00e8ne temporaire et qu\u2019elles auraient d\u00e9j\u00e0 disparu d\u2019ici \u00e0 aujourd\u2019hui\u00a0\u00bb, a-t-elle admis.<\/p>\n<p>Au contraire, ces tensions ont \u00ab\u00a0d\u00e9g\u00e9n\u00e9r\u00e9\u00a0\u00bb au fil du temps et personne ne sait comment elles vont se terminer, d\u00e9plore-t-elle.<\/p>\n<p>Dans un rapport publi\u00e9 mardi sur les cha\u00eenes mondiales de valeur, la Banque mondiale note que si le conflit commercial venait \u00e0 s\u2019aggraver et \u00e0 saper encore davantage la confiance, \u00ab\u00a0les effets sur la croissance mondiale et la pauvret\u00e9 pourraient \u00eatre consid\u00e9rables\u00a0\u00bb.<\/p>\n<p>\u00ab\u00a0Plus de 30 millions de personnes pourraient sombrer dans la pauvret\u00e9 et le revenu mondial pourrait chuter, jusqu\u2019\u00e0 1.400 milliards de dollars\u00a0\u00bb, selon les calculs de l\u2019institution.<\/p>\n<p>\u2013 L\u2019environnement en question \u2013<\/p>\n<p>Dans ce contexte, Pinelopi Koujianou Goldberg rappelle l\u2019importance des cha\u00eenes mondiales de valeur qui ont contribu\u00e9 ces derni\u00e8res d\u00e9cennies \u00e0 transformer les \u00e9conomies des pays les plus pauvres.<\/p>\n<p>Ces cha\u00eenes permettent aux pays pauvres de se sp\u00e9cialiser dans la fabrication d\u2019un produit sp\u00e9cifique (une pi\u00e8ce d\u00e9tach\u00e9e automobile par exemple) et de s\u2019enrichir sans avoir \u00e0 construire des industries enti\u00e8res en partant du n\u00e9ant.<\/p>\n<p>Selon l\u2019\u00e9conomiste, tous les pays ont beaucoup \u00e0 gagner en acc\u00e9l\u00e9rant les r\u00e9formes pour accro\u00eetre le commerce international.<\/p>\n<p>Elle pr\u00e9conise ainsi des mesures simples pour faciliter les \u00e9changes en am\u00e9liorant par exemple la logistique douani\u00e8re afin de s\u2019assurer que \u00ab\u00a0les produits ne restent pas bloqu\u00e9s d\u2019un c\u00f4t\u00e9 de la fronti\u00e8re\u00a0\u00bb pendant des jours voire des semaines.<\/p>\n<p>Dans une note positive, elle se f\u00e9licite que des pays ayant d\u00e9j\u00e0 franchi des \u00e9tapes dans l\u2019\u00e9chelle de la cha\u00eene de valeur, comme le Vietnam ou le Bangladesh, aspirent \u00e0 monter d\u2019autres \u00e9chelons pour ne pas \u00ab\u00a0rester coinc\u00e9s dans la production textile\u00a0\u00bb.<\/p>\n<p>Pour ce faire, \u00ab\u00a0ils doivent investir dans le capital humain\u00a0\u00bb car il est impossible de fabriquer des produits sophistiqu\u00e9s sans une main-d\u2019oeuvre qualifi\u00e9e.<\/p>\n<p>De plus, ils doivent investir dans la recherche et le d\u00e9veloppement et dans la protection des droits de propri\u00e9t\u00e9 intellectuelle.<\/p>\n<p>Interrog\u00e9e sur les effets n\u00e9fastes du commerce international sur l\u2019environnement, l\u2019\u00e9conomiste reconna\u00eet que cela entra\u00eene une augmentation des \u00e9missions de dioxyde de carbone (CO2) provenant des transports et un exc\u00e8s de d\u00e9chets -en particulier dans les domaines de l\u2019\u00e9lectronique et des plastiques- provenant de l\u2019emballage des marchandises.<\/p>\n<p>Mais \u00ab\u00a0dans les pays en d\u00e9veloppement, il est beaucoup plus d\u00e9fendable de donner la priorit\u00e9 \u00e0 l\u2019\u00e9limination de l\u2019extr\u00eame pauvret\u00e9 qu\u2019au co\u00fbt de l\u2019emballage associ\u00e9 aux cha\u00eenes de valeur mondiales\u00a0\u00bb, note-t-elle.<\/p>\n<p>Et de noter que le commerce \u00ab\u00a0a aussi des effets b\u00e9n\u00e9fiques pour l\u2019environnement\u00a0\u00bb.<\/p>\n<p>\u00ab\u00a0Prenons l\u2019exemple d\u2019un v\u00e9lo \u00e9lectrique fabriqu\u00e9 \u00e0 Shangha\u00ef, avec l\u2019apport de 20 pays\u00a0\u00bb, dit-elle. \u00ab\u00a0Il s\u2019agit donc d\u2019un produit classique de la cha\u00eene de valeur mondiale. Et c\u2019est bon pour l\u2019environnement\u00a0\u00bb.<\/p>\n<p>Mme Koujianou Goldberg conclut enfin que les pays plus avanc\u00e9s ont la responsabilit\u00e9 de prendre des initiatives avant de demander aux pays en d\u00e9veloppement de leur embo\u00eeter le pas.<\/p>\n<\/div>\n<p>Auteur: AFP<br \/>\n<a href=\"https:\/\/www.journalducameroun.com\/la-guerre-commerciale-compromet-le-developpement-des-pays-pauvres-economiste-banque-mondiale\/\">Cliquez ici pour lire l&rsquo;article depuis sa source.<\/a><\/p>\n","protected":false},"excerpt":{"rendered":"<p>Publi\u00e9 le 08.10.2019 \u00e0 21h50 par AFP La guerre commerciale men\u00e9e par Donald Trump compromet la capacit\u00e9 des pays \u00e9mergents et en voie de d\u00e9veloppement \u00e0 s\u2019extirper de la pauvret\u00e9, a soulign\u00e9 mardi l\u2019\u00e9conomiste en chef de la Banque mondiale, Pinelopi Koujianou Goldberg, dans un entretien \u00e0 l\u2019AFP. \u00ab\u00a0Les tensions commerciales ont accru l\u2019incertitude, ce [&hellip;]<\/p>\n","protected":false},"author":1965,"featured_media":0,"comment_status":"closed","ping_status":"closed","sticky":false,"template":"","format":"standard","meta":{"fifu_image_url":"","fifu_image_alt":"","footnotes":""},"categories":[73,82],"tags":[],"class_list":["post-63785","post","type-post","status-publish","format-standard","hentry","category-actualite","category-cameroun"],"_links":{"self":[{"href":"https:\/\/linitiative.ca\/International\/wp-json\/wp\/v2\/posts\/63785","targetHints":{"allow":["GET"]}}],"collection":[{"href":"https:\/\/linitiative.ca\/International\/wp-json\/wp\/v2\/posts"}],"about":[{"href":"https:\/\/linitiative.ca\/International\/wp-json\/wp\/v2\/types\/post"}],"author":[{"embeddable":true,"href":"https:\/\/linitiative.ca\/International\/wp-json\/wp\/v2\/users\/1965"}],"replies":[{"embeddable":true,"href":"https:\/\/linitiative.ca\/International\/wp-json\/wp\/v2\/comments?post=63785"}],"version-history":[{"count":0,"href":"https:\/\/linitiative.ca\/International\/wp-json\/wp\/v2\/posts\/63785\/revisions"}],"wp:attachment":[{"href":"https:\/\/linitiative.ca\/International\/wp-json\/wp\/v2\/media?parent=63785"}],"wp:term":[{"taxonomy":"category","embeddable":true,"href":"https:\/\/linitiative.ca\/International\/wp-json\/wp\/v2\/categories?post=63785"},{"taxonomy":"post_tag","embeddable":true,"href":"https:\/\/linitiative.ca\/International\/wp-json\/wp\/v2\/tags?post=63785"}],"curies":[{"name":"wp","href":"https:\/\/api.w.org\/{rel}","templated":true}]}}