{"id":63788,"date":"2019-10-08T17:50:06","date_gmt":"2019-10-08T21:50:06","guid":{"rendered":"https:\/\/linitiative.ca\/International\/portugal-costa-charge-de-former-son-nouveau-gouvernement\/"},"modified":"2019-10-08T17:50:06","modified_gmt":"2019-10-08T21:50:06","slug":"portugal-costa-charge-de-former-son-nouveau-gouvernement","status":"publish","type":"post","link":"https:\/\/linitiative.ca\/International\/portugal-costa-charge-de-former-son-nouveau-gouvernement\/","title":{"rendered":"Portugal: Costa charg\u00e9 de former son nouveau gouvernement"},"content":{"rendered":"<div readability=\"32\">\n<p>Publi\u00e9 le 08.10.2019 \u00e0 22h50 par AFP<\/p>\n<\/div>\n<div readability=\"100\">\n<p>Le pr\u00e9sident portugais Marcelo Rebelo de Sousa a reconduit mardi le socialiste Antonio Costa au poste de Premier ministre apr\u00e8s sa victoire aux \u00e9lections l\u00e9gislatives de dimanche, et l\u2019a charg\u00e9 de former un nouveau gouvernement.<\/p>\n<p>\u00ab\u00a0La question la plus importante est celle de la stabilit\u00e9\u00a0\u00bb du futur ex\u00e9cutif, a d\u00e9clar\u00e9 M. Costa \u00e0 l\u2019issue d\u2019une rencontre avec le chef de l\u2019Etat.<\/p>\n<p>\u00ab\u00a0C\u2019est ce que souhaitent les Portugais et c\u2019est tr\u00e8s important pour le d\u00e9veloppement du pays et sa cr\u00e9dibilit\u00e9 internationale\u00a0\u00bb, a ajout\u00e9 le Premier ministre arriv\u00e9 au pouvoir en 2015 \u00e0 la faveur d\u2019une alliance parlementaire avec la gauche radicale.<\/p>\n<p>Selon des r\u00e9sultats quasi complets, le Parti socialiste a gagn\u00e9 les \u00e9lections avec 36,65% des suffrages et au moins 106 si\u00e8ges, contre 86 lors des pr\u00e9c\u00e9dentes l\u00e9gislatives, mais n\u2019aura pas la majorit\u00e9 absolue dans l\u2019assembl\u00e9e de 230 si\u00e8ges.<\/p>\n<p>M. Costa, 58 ans, doit donc chercher des appuis au sein d\u2019un parlement toujours domin\u00e9 par les partis de gauche.<\/p>\n<p>D\u00e8s dimanche soir, l\u2019ancien maire de Lisbonne avait dit vouloir \u00ab\u00a0renouveler\u00a0\u00bb l\u2019arrangement \u00e0 trois scell\u00e9 il y a quatre ans avec le Bloc de gauche, qui a conserv\u00e9 ses 19 \u00e9lus, et la coalition communistes-verts, qui a recul\u00e9 \u00e0 12 d\u00e9put\u00e9s.<\/p>\n<p>Dans ce nouveau rapport de forces, un seul de ces alli\u00e9s lui suffirait pour atteindre la majorit\u00e9 de 116 si\u00e8ges.<\/p>\n<p>La dirigeante du Bloc de gauche Catarina Martins a r\u00e9affirm\u00e9 mardi sa disponibilit\u00e9 pour \u00ab\u00a0n\u00e9gocier des mesures \u00e0 inclure dans le programme du gouvernement\u00a0\u00bb et qui auraient pour horizon les quatre ans de l\u00e9gislature.<\/p>\n<p>\u00ab\u00a0Le PS peut \u00e9galement former un gouvernement minoritaire pour apr\u00e8s n\u00e9gocier au cas par cas, budget apr\u00e8s budget\u00a0\u00bb, a-t-elle ajout\u00e9.<\/p>\n<p>Le Parti communiste a de son c\u00f4t\u00e9 laiss\u00e9 entendre qu\u2019il pr\u00e9f\u00e8rerait appr\u00e9cier les propositions des socialistes \u00ab\u00a0au cas par cas\u00a0\u00bb.<\/p>\n<p>S\u2019il n\u2019obtient le soutien formel d\u2019aucun de ses deux anciens partenaires pour garantir la stabilit\u00e9 du futur gouvernement, M. Costa pourrait m\u00eame se contenter de la seule abstention du reste de la gauche, car son groupe parlementaire est plus important que l\u2019ensemble de la droite.<\/p>\n<p>\u00ab\u00a0C\u2019est un facteur de stabilit\u00e9 important\u00a0\u00bb, a reconnu M. Costa tout en confirmant qu\u2019il entamera mercredi des discussions avec ses anciens partenaires, mais aussi avec le parti animaliste PAN, pass\u00e9 de un \u00e0 quatre si\u00e8ges, et une petite formation de la gauche libertaire entr\u00e9e au parlement avec une \u00e9lue.<\/p>\n<p>Les r\u00e9sultats complets du scrutin seront connus dans les prochains jours, avec l\u2019attribution des quatre si\u00e8ges d\u00e9sign\u00e9s par les circonscriptions de l\u2019\u00e9tranger.<\/p>\n<\/div>\n<p>Auteur: AFP<br \/>\n<a href=\"https:\/\/www.journalducameroun.com\/portugal-costa-charge-de-former-son-nouveau-gouvernement\/\">Cliquez ici pour lire l&rsquo;article depuis sa source.<\/a><\/p>\n","protected":false},"excerpt":{"rendered":"<p>Publi\u00e9 le 08.10.2019 \u00e0 22h50 par AFP Le pr\u00e9sident portugais Marcelo Rebelo de Sousa a reconduit mardi le socialiste Antonio Costa au poste de Premier ministre apr\u00e8s sa victoire aux \u00e9lections l\u00e9gislatives de dimanche, et l\u2019a charg\u00e9 de former un nouveau gouvernement. \u00ab\u00a0La question la plus importante est celle de la stabilit\u00e9\u00a0\u00bb du futur ex\u00e9cutif, [&hellip;]<\/p>\n","protected":false},"author":1965,"featured_media":0,"comment_status":"closed","ping_status":"closed","sticky":false,"template":"","format":"standard","meta":{"fifu_image_url":"","fifu_image_alt":"","footnotes":""},"categories":[73,82],"tags":[],"class_list":["post-63788","post","type-post","status-publish","format-standard","hentry","category-actualite","category-cameroun"],"_links":{"self":[{"href":"https:\/\/linitiative.ca\/International\/wp-json\/wp\/v2\/posts\/63788","targetHints":{"allow":["GET"]}}],"collection":[{"href":"https:\/\/linitiative.ca\/International\/wp-json\/wp\/v2\/posts"}],"about":[{"href":"https:\/\/linitiative.ca\/International\/wp-json\/wp\/v2\/types\/post"}],"author":[{"embeddable":true,"href":"https:\/\/linitiative.ca\/International\/wp-json\/wp\/v2\/users\/1965"}],"replies":[{"embeddable":true,"href":"https:\/\/linitiative.ca\/International\/wp-json\/wp\/v2\/comments?post=63788"}],"version-history":[{"count":0,"href":"https:\/\/linitiative.ca\/International\/wp-json\/wp\/v2\/posts\/63788\/revisions"}],"wp:attachment":[{"href":"https:\/\/linitiative.ca\/International\/wp-json\/wp\/v2\/media?parent=63788"}],"wp:term":[{"taxonomy":"category","embeddable":true,"href":"https:\/\/linitiative.ca\/International\/wp-json\/wp\/v2\/categories?post=63788"},{"taxonomy":"post_tag","embeddable":true,"href":"https:\/\/linitiative.ca\/International\/wp-json\/wp\/v2\/tags?post=63788"}],"curies":[{"name":"wp","href":"https:\/\/api.w.org\/{rel}","templated":true}]}}