{"id":63789,"date":"2019-10-09T09:33:32","date_gmt":"2019-10-09T13:33:32","guid":{"rendered":"https:\/\/linitiative.ca\/International\/mine-dart-pour-valoriser-le-patrimoine-culturel-de-khouribga\/"},"modified":"2019-10-09T09:33:32","modified_gmt":"2019-10-09T13:33:32","slug":"mine-dart-pour-valoriser-le-patrimoine-culturel-de-khouribga","status":"publish","type":"post","link":"https:\/\/linitiative.ca\/International\/mine-dart-pour-valoriser-le-patrimoine-culturel-de-khouribga\/","title":{"rendered":"\u00abMine d\u2019Art\u00bb : Pour valoriser le patrimoine culturel de Khouribga"},"content":{"rendered":"<p><img decoding=\"async\" class=\"post_layout_5_img\" src=\"http:\/\/aujourdhui.ma\/wp-content\/uploads\/2019\/10\/Mine-d%E2%80%99Art.jpg?x29840\" alt=\"\u00abMine d\u2019Art\u00bb : Pour valoriser le patrimoine culturel de Khouribga\"\/><\/p>\n<p class=\"p1\"><span class=\"c5\"><strong><span class=\"s1 c4\"><em>D\u00e9velopp\u00e9e avec la Fondation Touria &#038; Abdelaziz Tazi\/L\u2019Uzine<\/em><\/span><\/strong><\/span> <span id=\"more-319540\"\/><\/p>\n<p class=\"p1\"><span class=\"s1\">Act4Community Khouribga (\u00e9manation locale du programme homonyme du Groupe OCP) organise du 11 au 19 octobre la premi\u00e8re \u00e9dition du Festival \u00abMine d\u2019Art\u00bb. Cette manifestation pluridisciplinaire a \u00e9t\u00e9 d\u00e9velopp\u00e9e en partenariat avec la Fondation Touria &#038; Abdelaziz Tazi\/L\u2019Uzine. En effet, elle constitue le coup d\u2019envoi d\u2019un ambitieux projet d\u2019incubateur culturel et cr\u00e9atif, qui offrira aux acteurs locaux des arts et de la culture un dispositif d\u2019accompagnement global.<\/span><\/p>\n<p class=\"p1\"><span class=\"s1\">\u00ab<em>Ce projet vise \u00e0 valoriser le patrimoine culturel de la province de Khouribga et de ses environs, permettre l\u2019\u00e9mergence de jeunes talents locaux et favoriser le d\u00e9veloppement de micro-entreprises cr\u00e9atives g\u00e9n\u00e9ratrices de revenus et d\u2019emplois\u00bb,<\/em> expliquent \u00e0 ce sujet les initiateurs. A cet \u00e9gard, le Festival comprend, outre sa programmation artistique, une s\u00e9rie d\u2019ateliers ouverts aux habitants de Khouribga et ventil\u00e9s en diff\u00e9rentes disciplines (musique, street art, photographie, th\u00e9\u00e2tre, vid\u00e9o, podcasts\u2026). Par ailleurs, en collaboration avec L\u2019Uzine, une s\u00e9rie de formations a \u00e9t\u00e9 initi\u00e9e en pr\u00e9alable \u00e0 la tenue du Festival. L\u2019ensemble a englob\u00e9 des ateliers de photographie, de graffiti, de vid\u00e9o et de danse urbaine, ainsi qu\u2019une r\u00e9sidence d\u2019artistes qui a r\u00e9uni une troupe locale avec des musiciens des quatre coins du pays.<\/span><\/p>\n<p class=\"p1\"><span class=\"s1\">Les r\u00e9sultats respectifs de ces rencontres feront partie de la programmation du Festival via une exposition photo, une grande fresque murale, des cr\u00e9ations vid\u00e9o, un spectacle de danse et enfin un concert fusionnant les chants des Abidat Rma et des sons plus contemporains interpr\u00e9t\u00e9s par de jeunes talents locaux. Quelques semaines apr\u00e8s la cl\u00f4ture du Festival, une nouvelle salve d\u2019ateliers sera lanc\u00e9e dans le cadre de ce partenariat.<\/span><\/p>\n<p class=\"p1\"><span class=\"s1\">Ces formations d\u00e9boucheront sur des projets \u00e0 d\u00e9velopper tout au long de l\u2019ann\u00e9e 2020, gardant en arri\u00e8re-plan l\u2019objectif de r\u00e9v\u00e9ler des talents et faire \u00e9merger des comp\u00e9tences dans le secteur des industries cr\u00e9atives et des m\u00e9tiers du spectacle. C\u00f4t\u00e9 spectacle, justement, le Festival \u00abMine d\u2019Art\u00bb propose une programmation \u00e0 la hauteur de ses ambitions. Le line-up liste parmi ses t\u00eates d\u2019affiche les groupes Hoba Hoba Spirit, Betweenatna et Shayfeen, ou encore les maalems gnaouis Hamid El Kasri et Hassan Boussou. Les artistes locaux ou de la r\u00e9gion ne sont pas en reste, avec la pr\u00e9sence de la star du chaabi Sa\u00efd El Khribgui, la formation Abidat Rma Zallaka, le rappeur LGrad, la formation de fusion Salama ou encore le groupe de pop marocain Hasba Groove.<\/span><\/p>\n<p>Auteur: ALM<br \/>\n<a href=\"http:\/\/aujourdhui.ma\/culture\/mine-dart-pour-valoriser-le-patrimoine-culturel-de-khouribga\">Cliquez ici pour lire l&rsquo;article depuis sa source.<\/a><\/p>\n","protected":false},"excerpt":{"rendered":"<p>D\u00e9velopp\u00e9e avec la Fondation Touria &#038; Abdelaziz Tazi\/L\u2019Uzine Act4Community Khouribga (\u00e9manation locale du programme homonyme du Groupe OCP) organise du 11 au 19 octobre la premi\u00e8re \u00e9dition du Festival \u00abMine d\u2019Art\u00bb. Cette manifestation pluridisciplinaire a \u00e9t\u00e9 d\u00e9velopp\u00e9e en partenariat avec la Fondation Touria &#038; Abdelaziz Tazi\/L\u2019Uzine. En effet, elle constitue le coup d\u2019envoi d\u2019un ambitieux [&hellip;]<\/p>\n","protected":false},"author":1759,"featured_media":0,"comment_status":"closed","ping_status":"closed","sticky":false,"template":"","format":"standard","meta":{"fifu_image_url":"","fifu_image_alt":"","footnotes":""},"categories":[73,54],"tags":[],"class_list":["post-63789","post","type-post","status-publish","format-standard","hentry","category-actualite","category-maroc"],"_links":{"self":[{"href":"https:\/\/linitiative.ca\/International\/wp-json\/wp\/v2\/posts\/63789","targetHints":{"allow":["GET"]}}],"collection":[{"href":"https:\/\/linitiative.ca\/International\/wp-json\/wp\/v2\/posts"}],"about":[{"href":"https:\/\/linitiative.ca\/International\/wp-json\/wp\/v2\/types\/post"}],"author":[{"embeddable":true,"href":"https:\/\/linitiative.ca\/International\/wp-json\/wp\/v2\/users\/1759"}],"replies":[{"embeddable":true,"href":"https:\/\/linitiative.ca\/International\/wp-json\/wp\/v2\/comments?post=63789"}],"version-history":[{"count":0,"href":"https:\/\/linitiative.ca\/International\/wp-json\/wp\/v2\/posts\/63789\/revisions"}],"wp:attachment":[{"href":"https:\/\/linitiative.ca\/International\/wp-json\/wp\/v2\/media?parent=63789"}],"wp:term":[{"taxonomy":"category","embeddable":true,"href":"https:\/\/linitiative.ca\/International\/wp-json\/wp\/v2\/categories?post=63789"},{"taxonomy":"post_tag","embeddable":true,"href":"https:\/\/linitiative.ca\/International\/wp-json\/wp\/v2\/tags?post=63789"}],"curies":[{"name":"wp","href":"https:\/\/api.w.org\/{rel}","templated":true}]}}