{"id":63790,"date":"2019-10-09T09:37:17","date_gmt":"2019-10-09T13:37:17","guid":{"rendered":"https:\/\/linitiative.ca\/International\/forum-dafoulay-pour-le-theatre-amazigh-a-tiznit\/"},"modified":"2019-10-09T09:37:17","modified_gmt":"2019-10-09T13:37:17","slug":"forum-dafoulay-pour-le-theatre-amazigh-a-tiznit","status":"publish","type":"post","link":"https:\/\/linitiative.ca\/International\/forum-dafoulay-pour-le-theatre-amazigh-a-tiznit\/","title":{"rendered":"Forum d\u2019Afoulay pour le th\u00e9\u00e2tre amazigh \u00e0 Tiznit"},"content":{"rendered":"<header>\n<div class=\"entry-post-meta\">\n<div class=\"author-link\">Publi\u00e9 par <a itemprop=\"author\" itemscope=\"\" itemtype=\"https:\/\/schema.org\/Person\" href=\"http:\/\/aujourdhui.ma\/profile\/kaid\" rel=\"author\"><span itemprop=\"name\">ALM<\/span><\/a><\/div>\n<p>Date\u00a0:<time content=\"2019-10-09T14:37:17+00:00\" class=\"entry-date updated\" datetime=\"2019-10-09T14:37:17+00:00\">octobre 09, 2019<\/time><\/p>\n<div class=\"entry-cat\">dans:<a href=\"http:\/\/aujourdhui.ma\/category\/culture\" rel=\"category tag\">Culture<\/a><\/div>\n<p>0 Vues<\/p>\n<\/div>\n<\/header>\n<div class=\"entry-content clearfix\" readability=\"47\"><img decoding=\"async\" class=\"post_layout_5_img\" src=\"http:\/\/aujourdhui.ma\/wp-content\/uploads\/2019\/10\/The%CC%81a%CC%82tre-amazigh.jpg?x29840\" alt=\"Forum d\u2019Afoulay pour le th\u00e9\u00e2tre amazigh \u00e0 Tiznit\"\/><\/p>\n<p class=\"p1\"><span class=\"s1\"><span class=\"c4\"><strong>Le minist\u00e8re de la culture et de la communication (d\u00e9partement de la culture) organisera du 10 au 16 octobre la deuxi\u00e8me \u00e9dition du Forum d\u2019Afoulay pour le th\u00e9\u00e2tre amazigh.<\/strong><\/span><\/span> <span id=\"more-319537\"\/><\/p>\n<p class=\"p1\"><span class=\"s1\">Cette \u00e9dition, qui se tiendra en collaboration avec la province de Tiznit et ses conseils r\u00e9gional et provincial, sous le signe \u00abLes enjeux de la valorisation du multiculturalisme et la construction esth\u00e9tique\u00bb, vise \u00e0 offrir aux com\u00e9diens marocains un rendez-vous annuel pour mettre en avant leurs talents.<\/span><\/p>\n<p class=\"p1\"><span class=\"s1\">Ce forum culturel sera marqu\u00e9 par la participation de plusieurs troupes de th\u00e9\u00e2tre en provenance de diff\u00e9rentes r\u00e9gions du Royaume. Au programme de cette manifestation culturelle, figurent aussi des ateliers th\u00e9matiques, des conf\u00e9rences et des c\u00e9r\u00e9monies de signature et de d\u00e9dicace.<\/span><\/p>\n<\/div>\n<p>Auteur: ALM<br \/>\n<a href=\"http:\/\/aujourdhui.ma\/culture\/forum-dafoulay-pour-le-theatre-amazigh-a-tiznit\">Cliquez ici pour lire l&rsquo;article depuis sa source.<\/a><\/p>\n","protected":false},"excerpt":{"rendered":"<p>Publi\u00e9 par ALM Date\u00a0:octobre 09, 2019 dans:Culture 0 Vues Le minist\u00e8re de la culture et de la communication (d\u00e9partement de la culture) organisera du 10 au 16 octobre la deuxi\u00e8me \u00e9dition du Forum d\u2019Afoulay pour le th\u00e9\u00e2tre amazigh. Cette \u00e9dition, qui se tiendra en collaboration avec la province de Tiznit et ses conseils r\u00e9gional et [&hellip;]<\/p>\n","protected":false},"author":1759,"featured_media":0,"comment_status":"closed","ping_status":"closed","sticky":false,"template":"","format":"standard","meta":{"fifu_image_url":"","fifu_image_alt":"","footnotes":""},"categories":[73,54],"tags":[],"class_list":["post-63790","post","type-post","status-publish","format-standard","hentry","category-actualite","category-maroc"],"_links":{"self":[{"href":"https:\/\/linitiative.ca\/International\/wp-json\/wp\/v2\/posts\/63790","targetHints":{"allow":["GET"]}}],"collection":[{"href":"https:\/\/linitiative.ca\/International\/wp-json\/wp\/v2\/posts"}],"about":[{"href":"https:\/\/linitiative.ca\/International\/wp-json\/wp\/v2\/types\/post"}],"author":[{"embeddable":true,"href":"https:\/\/linitiative.ca\/International\/wp-json\/wp\/v2\/users\/1759"}],"replies":[{"embeddable":true,"href":"https:\/\/linitiative.ca\/International\/wp-json\/wp\/v2\/comments?post=63790"}],"version-history":[{"count":0,"href":"https:\/\/linitiative.ca\/International\/wp-json\/wp\/v2\/posts\/63790\/revisions"}],"wp:attachment":[{"href":"https:\/\/linitiative.ca\/International\/wp-json\/wp\/v2\/media?parent=63790"}],"wp:term":[{"taxonomy":"category","embeddable":true,"href":"https:\/\/linitiative.ca\/International\/wp-json\/wp\/v2\/categories?post=63790"},{"taxonomy":"post_tag","embeddable":true,"href":"https:\/\/linitiative.ca\/International\/wp-json\/wp\/v2\/tags?post=63790"}],"curies":[{"name":"wp","href":"https:\/\/api.w.org\/{rel}","templated":true}]}}