{"id":63791,"date":"2019-10-09T09:46:02","date_gmt":"2019-10-09T13:46:02","guid":{"rendered":"https:\/\/linitiative.ca\/International\/saisie-dimportantes-quantites-de-drogue-a-benguerir-et-marrakech\/"},"modified":"2019-10-09T09:46:02","modified_gmt":"2019-10-09T13:46:02","slug":"saisie-dimportantes-quantites-de-drogue-a-benguerir-et-marrakech","status":"publish","type":"post","link":"https:\/\/linitiative.ca\/International\/saisie-dimportantes-quantites-de-drogue-a-benguerir-et-marrakech\/","title":{"rendered":"Saisie d\u2019importantes quantit\u00e9s de drogue \u00e0 Benguerir et Marrakech"},"content":{"rendered":"<header>\n<\/header>\n<div class=\"entry-content clearfix\" readability=\"57\"><img decoding=\"async\" class=\"post_layout_5_img\" src=\"http:\/\/aujourdhui.ma\/wp-content\/uploads\/2017\/02\/Resine-cannabis-haschich-Drogue.jpg?x29840\" alt=\"Saisie d\u2019importantes quantit\u00e9s de drogue \u00e0 Benguerir et Marrakech\"\/><\/p>\n<p class=\"p1\"><span class=\"c4\"><strong>Pas moins de 6 kg de haschich, 500 kg de kif et 100 kg de tabac en feuilles ont \u00e9t\u00e9 saisis, vendredi dernier, par les \u00e9l\u00e9ments de la police judiciaire du district de la s\u00fbret\u00e9 de Benguerir lors d\u2019une op\u00e9ration effectu\u00e9e au niveau du douar Ouled Hriz relevant de la commune rurale El J\u00e2afra, dans la province de Rhamna.<\/strong><\/span> <span id=\"more-319557\"\/><\/p>\n<p class=\"p1\">Ces limiers qui ont \u00e9galement saisi des motos et des armes blanches ont arr\u00eat\u00e9, lors de cette op\u00e9ration, cinq membres de cette bande de trafiquants de drogue dont le chef qui faisait l\u2019objet de dix notes de recherche \u00e0 l\u2019\u00e9chelle nationale. Les membres de cette bande, apprend-on d\u2019une source polici\u00e8re, ont \u00e9t\u00e9 traduits, lundi, devant le procureur du Roi pr\u00e8s le tribunal de premi\u00e8re instance de Benguerir.<\/p>\n<p class=\"p1\">Le m\u00eame jour, \u00e0 Marrakech, les \u00e9l\u00e9ments de la police judiciaire ont mis fin \u00e0 l\u2019activit\u00e9 d\u2019un trafiquant de drogue qui op\u00e9rait en ancienne m\u00e9dina. Ils ont saisi sur lui quelques morceaux de haschich. Une perquisition effectu\u00e9e dans son domicile a permis de mettre la main sur 25 plaquettes de haschich d\u2019une quantit\u00e9 globale de 2 kg.<\/p>\n<\/div>\n<p>Auteur: Abderrafii ALOUMLIKI<br \/>\n<a href=\"http:\/\/aujourdhui.ma\/faits-divers\/saisie-dimportantes-quantites-de-drogue-a-benguerir-et-marrakech\">Cliquez ici pour lire l&rsquo;article depuis sa source.<\/a><\/p>\n","protected":false},"excerpt":{"rendered":"<p>Pas moins de 6 kg de haschich, 500 kg de kif et 100 kg de tabac en feuilles ont \u00e9t\u00e9 saisis, vendredi dernier, par les \u00e9l\u00e9ments de la police judiciaire du district de la s\u00fbret\u00e9 de Benguerir lors d\u2019une op\u00e9ration effectu\u00e9e au niveau du douar Ouled Hriz relevant de la commune rurale El J\u00e2afra, dans [&hellip;]<\/p>\n","protected":false},"author":1759,"featured_media":0,"comment_status":"closed","ping_status":"closed","sticky":false,"template":"","format":"standard","meta":{"fifu_image_url":"","fifu_image_alt":"","footnotes":""},"categories":[73,54],"tags":[],"class_list":["post-63791","post","type-post","status-publish","format-standard","hentry","category-actualite","category-maroc"],"_links":{"self":[{"href":"https:\/\/linitiative.ca\/International\/wp-json\/wp\/v2\/posts\/63791","targetHints":{"allow":["GET"]}}],"collection":[{"href":"https:\/\/linitiative.ca\/International\/wp-json\/wp\/v2\/posts"}],"about":[{"href":"https:\/\/linitiative.ca\/International\/wp-json\/wp\/v2\/types\/post"}],"author":[{"embeddable":true,"href":"https:\/\/linitiative.ca\/International\/wp-json\/wp\/v2\/users\/1759"}],"replies":[{"embeddable":true,"href":"https:\/\/linitiative.ca\/International\/wp-json\/wp\/v2\/comments?post=63791"}],"version-history":[{"count":0,"href":"https:\/\/linitiative.ca\/International\/wp-json\/wp\/v2\/posts\/63791\/revisions"}],"wp:attachment":[{"href":"https:\/\/linitiative.ca\/International\/wp-json\/wp\/v2\/media?parent=63791"}],"wp:term":[{"taxonomy":"category","embeddable":true,"href":"https:\/\/linitiative.ca\/International\/wp-json\/wp\/v2\/categories?post=63791"},{"taxonomy":"post_tag","embeddable":true,"href":"https:\/\/linitiative.ca\/International\/wp-json\/wp\/v2\/tags?post=63791"}],"curies":[{"name":"wp","href":"https:\/\/api.w.org\/{rel}","templated":true}]}}