{"id":63792,"date":"2019-10-09T09:47:19","date_gmt":"2019-10-09T13:47:19","guid":{"rendered":"https:\/\/linitiative.ca\/International\/marrakech-24h-apres-sa-sortie-de-prison-il-tue-son-pere\/"},"modified":"2019-10-09T09:47:19","modified_gmt":"2019-10-09T13:47:19","slug":"marrakech-24h-apres-sa-sortie-de-prison-il-tue-son-pere","status":"publish","type":"post","link":"https:\/\/linitiative.ca\/International\/marrakech-24h-apres-sa-sortie-de-prison-il-tue-son-pere\/","title":{"rendered":"Marrakech : 24h apr\u00e8s sa sortie  de prison il tue son p\u00e8re"},"content":{"rendered":"<header>\n<\/header>\n<div class=\"entry-content clearfix\" readability=\"63\"><img decoding=\"async\" class=\"post_layout_5_img\" src=\"http:\/\/aujourdhui.ma\/wp-content\/uploads\/2018\/07\/couteau.jpg?x29840\" alt=\"Marrakech : 24h apr\u00e8s sa sortie de prison il tue son p\u00e8re\"\/><\/p>\n<p class=\"p1\"><span class=\"s1 c4\"><strong>En principe, la prison devait \u00eatre pour ce trentenaire un champ de r\u00e9\u00e9ducation. Malheureusement, il semble que ce n\u2019\u00e9tait pour lui qu\u2019une \u00e9cole d\u2019apprentissage de plus en plus de crimes.<\/strong><\/span> <span id=\"more-319555\"\/><\/p>\n<p class=\"p1\"><span class=\"s1\">Preuve en est, d\u00e8s qu\u2019il a \u00e9t\u00e9 lib\u00e9r\u00e9, il y est retourn\u00e9 vingt-quatre heures plus tard, avec un crime encore plus lourd sur le dos, \u00e0 savoir un parricide.<\/span><\/p>\n<p class=\"p1\"><span class=\"s1\">Originaire de la ville ocre, ce jeune homme qui vient de purger sa peine se rend chez sa famille qui demeure au quartier Sidi Bou\u00e2mar relevant de l\u2019arrondissement Marrakech-Medina. Les voisins gardent un tr\u00e8s mauvais souvenir de ce jeune homme. Etant un drogu\u00e9 et alcoolique violent, tout le monde l\u2019\u00e9vitait comme la peste. Sans aucun doute, ses parents sont pleins de joie de revoir leur fils, mais ils ont espoir qu\u2019il tourne le dos une fois pour toutes \u00e0 la criminalit\u00e9. C\u2019est la raison pour laquelle son p\u00e8re commence \u00e0 le conseiller de ne plus se droguer et se so\u00fbler et de se mettre sur la bonne voie en cherchant un emploi lui permettant de gagner dignement sa vie. Mais, h\u00e9las, le soir, il retourne chez lui ivre-mort. Le voyant dans cet \u00e9tat, son p\u00e8re s\u2019emporte contre lui. Il lui reproche sa mauvaise conduite tout en le sollicitant de chercher un emploi. Le fils lui demande de se taire et de ne plus se m\u00ealer de sa vie. Mais, le p\u00e8re commence \u00e0 le traiter de fils d\u00e9natur\u00e9 et de bon \u00e0 rien. C\u2019en est trop pour le fils qui, l\u2019alcool aidant, perd tout contr\u00f4le de ses nerfs. Il saisit son couteau et lui ass\u00e8ne un coup au niveau de la poitrine. Evacu\u00e9 dans un \u00e9tat tr\u00e8s critique vers les urgences de l\u2019h\u00f4pital Ibn Tofa\u00efl il ne tarde pas \u00e0 rendre l\u2019\u00e2me.<\/span><\/p>\n<p class=\"p1\"><span class=\"s1\">Alert\u00e9s, les \u00e9l\u00e9ments de la police judiciaire relevant de la s\u00fbret\u00e9 pr\u00e9fectorale de la ville de Marrakech se d\u00e9p\u00eachent sur la sc\u00e8ne du crime pour arr\u00eater le mis en cause et le traduire devant le parquet g\u00e9n\u00e9ral pr\u00e8s la Cour d\u2019appel.<\/span><\/p>\n<\/div>\n<p>Auteur: Abderrafii ALOUMLIKI<br \/>\n<a href=\"http:\/\/aujourdhui.ma\/faits-divers\/marrakech-24h-apres-sa-sortie-de-prison-il-tue-son-pere\">Cliquez ici pour lire l&rsquo;article depuis sa source.<\/a><\/p>\n","protected":false},"excerpt":{"rendered":"<p>En principe, la prison devait \u00eatre pour ce trentenaire un champ de r\u00e9\u00e9ducation. Malheureusement, il semble que ce n\u2019\u00e9tait pour lui qu\u2019une \u00e9cole d\u2019apprentissage de plus en plus de crimes. Preuve en est, d\u00e8s qu\u2019il a \u00e9t\u00e9 lib\u00e9r\u00e9, il y est retourn\u00e9 vingt-quatre heures plus tard, avec un crime encore plus lourd sur le dos, [&hellip;]<\/p>\n","protected":false},"author":1759,"featured_media":0,"comment_status":"closed","ping_status":"closed","sticky":false,"template":"","format":"standard","meta":{"fifu_image_url":"","fifu_image_alt":"","footnotes":""},"categories":[73,54],"tags":[],"class_list":["post-63792","post","type-post","status-publish","format-standard","hentry","category-actualite","category-maroc"],"_links":{"self":[{"href":"https:\/\/linitiative.ca\/International\/wp-json\/wp\/v2\/posts\/63792","targetHints":{"allow":["GET"]}}],"collection":[{"href":"https:\/\/linitiative.ca\/International\/wp-json\/wp\/v2\/posts"}],"about":[{"href":"https:\/\/linitiative.ca\/International\/wp-json\/wp\/v2\/types\/post"}],"author":[{"embeddable":true,"href":"https:\/\/linitiative.ca\/International\/wp-json\/wp\/v2\/users\/1759"}],"replies":[{"embeddable":true,"href":"https:\/\/linitiative.ca\/International\/wp-json\/wp\/v2\/comments?post=63792"}],"version-history":[{"count":0,"href":"https:\/\/linitiative.ca\/International\/wp-json\/wp\/v2\/posts\/63792\/revisions"}],"wp:attachment":[{"href":"https:\/\/linitiative.ca\/International\/wp-json\/wp\/v2\/media?parent=63792"}],"wp:term":[{"taxonomy":"category","embeddable":true,"href":"https:\/\/linitiative.ca\/International\/wp-json\/wp\/v2\/categories?post=63792"},{"taxonomy":"post_tag","embeddable":true,"href":"https:\/\/linitiative.ca\/International\/wp-json\/wp\/v2\/tags?post=63792"}],"curies":[{"name":"wp","href":"https:\/\/api.w.org\/{rel}","templated":true}]}}