{"id":63793,"date":"2019-10-09T10:20:18","date_gmt":"2019-10-09T14:20:18","guid":{"rendered":"https:\/\/linitiative.ca\/International\/renault-accapare-une-part-de-marche-de-427-a-fin-septembre\/"},"modified":"2019-10-09T10:20:18","modified_gmt":"2019-10-09T14:20:18","slug":"renault-accapare-une-part-de-marche-de-427-a-fin-septembre","status":"publish","type":"post","link":"https:\/\/linitiative.ca\/International\/renault-accapare-une-part-de-marche-de-427-a-fin-septembre\/","title":{"rendered":"Renault accapare une part de march\u00e9  de 42,7% \u00e0 fin septembre"},"content":{"rendered":"<p><img decoding=\"async\" class=\"post_layout_5_img\" src=\"http:\/\/aujourdhui.ma\/wp-content\/uploads\/2019\/10\/Renault-Vente-Automobile.jpg?x29840\" alt=\"Renault accapare une part de march\u00e9 de 42,7% \u00e0 fin septembre\"\/><\/p>\n<p class=\"p1\"><span class=\"s1 c4\"><strong>Le constructeur cl\u00f4ture les neuf premiers mois \u00e0 la t\u00eate du podium du march\u00e9 marocain<\/strong><\/span><span id=\"more-319498\"\/><\/p>\n<p class=\"p1\"><span class=\"s1\">Le Groupe Renault continue de conforter son positionnement de leader sur le march\u00e9 automobile. Selon les derni\u00e8res donn\u00e9es officielles, le constructeur automobile vient de cl\u00f4turer les neuf premiers mois de l\u2019ann\u00e9e 2019 \u00e0 la t\u00eate du podium du march\u00e9 marocain, en r\u00e9alisant quelque 49.931 livraisons et une part de march\u00e9 cumul\u00e9e de 42,7%. <em>\u00abLe Groupe Renault Maroc consolide sa position de leader du march\u00e9 en d\u00e9crochant six places du top 10 des meilleures ventes\u00bb,<\/em> a fait savoir le groupe automobile \u00e0 travers un communiqu\u00e9 \u00e9mis derni\u00e8rement.<\/span><\/p>\n<p class=\"p1\"><span class=\"s1\">La m\u00eame source a tenu \u00e0 pr\u00e9ciser que sur le top 5 du march\u00e9 total marocain, le Groupe Renault \u00e9tait pr\u00e9sent \u00e0 100% avec cinq de ses marques les plus vendues. Il s\u2019agit notamment de Clio Logan, Dokker et Sandero, qui occupent respectivement les quatre premi\u00e8res places, suivies de Duster en cinqui\u00e8me position. La marque Kangoo a, quant \u00e0 elle, occup\u00e9 la septi\u00e8me position avec 3.390 livraisons \u00e0 fin septembre. Par ailleurs et dans un march\u00e9 toujours \u00e0 tendance baissi\u00e8re, Renault Maroc a r\u00e9ussi \u00e0 consolider une part de march\u00e9 en mois isol\u00e9 de 42%.<\/span><\/p>\n<p class=\"p1\"><span class=\"s1\">Au terme des neuf premiers mois de l\u2019ann\u00e9e 2019, le constructeur automobile a pu r\u00e9aliser une part de march\u00e9 de 42,7%, et ce dans un MTM (march\u00e9 toutes marques) qui r\u00e9gresse de -8,6%. Alors que sur le march\u00e9 des v\u00e9hicules particuliers et utilitaires (VP-VU), la marque Dacia a r\u00e9ussi \u00e0 maintenir sa position de leader sur le podium marocain. Avec 3.441 livraisons, cette marque a pu accaparer une part de march\u00e9 de 26,8%. Au cumul, ce sont 32.543 v\u00e9hicules qui ont trouv\u00e9 preneur.<\/span><\/p>\n<p class=\"p1\"><span class=\"s1\"><em>\u00abLa part de march\u00e9 au cumul s\u2019\u00e9tablit \u00e0 27,8%\u00bb,<\/em> a-t-on fait part. Il y a lieu de mentionner que le Groupe Renault est parvenu \u00e0 am\u00e9liorer son positionnement comme deuxi\u00e8me marque sur le march\u00e9 VP-VU marocain. Le constructeur automobile a r\u00e9ussi, chiffres \u00e0 l\u2019appui, \u00e0 creuser son sillon sur ce m\u00eame march\u00e9. Il a ainsi cl\u00f4tur\u00e9 le mois de septembre avec quelque 1.958 unit\u00e9s livr\u00e9es et une part de march\u00e9 de 15,2%. Au terme des neuf premiers mois de l\u2019ann\u00e9e en cours, le groupe automobile a pu <em>\u00abconforter ainsi sa deuxi\u00e8me marche du podium avec au cumul 17.388 livraisons et une part de march\u00e9 de 14,9%\u00bb<\/em>, a-t-on soulign\u00e9. Le Groupe Renault a consolid\u00e9 sa position de leader concernant la cat\u00e9gorie des v\u00e9hicules utilitaires et utilitaires transform\u00e9s (VU\/VUT), avec 27,8% de part de march\u00e9 pour le seul mois de septembre. Au cumul, le constructeur automobile a enregistr\u00e9 quelque 3.282 unit\u00e9s livr\u00e9es et 26,2% de part de march\u00e9.<\/span><\/p>\n<p>Auteur: ALM<br \/>\n<a href=\"http:\/\/aujourdhui.ma\/automobile\/renault-accapare-une-part-de-marche-de-427-a-fin-septembre\">Cliquez ici pour lire l&rsquo;article depuis sa source.<\/a><\/p>\n","protected":false},"excerpt":{"rendered":"<p>Le constructeur cl\u00f4ture les neuf premiers mois \u00e0 la t\u00eate du podium du march\u00e9 marocain Le Groupe Renault continue de conforter son positionnement de leader sur le march\u00e9 automobile. Selon les derni\u00e8res donn\u00e9es officielles, le constructeur automobile vient de cl\u00f4turer les neuf premiers mois de l\u2019ann\u00e9e 2019 \u00e0 la t\u00eate du podium du march\u00e9 marocain, [&hellip;]<\/p>\n","protected":false},"author":1759,"featured_media":0,"comment_status":"closed","ping_status":"closed","sticky":false,"template":"","format":"standard","meta":{"fifu_image_url":"","fifu_image_alt":"","footnotes":""},"categories":[73,54],"tags":[],"class_list":["post-63793","post","type-post","status-publish","format-standard","hentry","category-actualite","category-maroc"],"_links":{"self":[{"href":"https:\/\/linitiative.ca\/International\/wp-json\/wp\/v2\/posts\/63793","targetHints":{"allow":["GET"]}}],"collection":[{"href":"https:\/\/linitiative.ca\/International\/wp-json\/wp\/v2\/posts"}],"about":[{"href":"https:\/\/linitiative.ca\/International\/wp-json\/wp\/v2\/types\/post"}],"author":[{"embeddable":true,"href":"https:\/\/linitiative.ca\/International\/wp-json\/wp\/v2\/users\/1759"}],"replies":[{"embeddable":true,"href":"https:\/\/linitiative.ca\/International\/wp-json\/wp\/v2\/comments?post=63793"}],"version-history":[{"count":0,"href":"https:\/\/linitiative.ca\/International\/wp-json\/wp\/v2\/posts\/63793\/revisions"}],"wp:attachment":[{"href":"https:\/\/linitiative.ca\/International\/wp-json\/wp\/v2\/media?parent=63793"}],"wp:term":[{"taxonomy":"category","embeddable":true,"href":"https:\/\/linitiative.ca\/International\/wp-json\/wp\/v2\/categories?post=63793"},{"taxonomy":"post_tag","embeddable":true,"href":"https:\/\/linitiative.ca\/International\/wp-json\/wp\/v2\/tags?post=63793"}],"curies":[{"name":"wp","href":"https:\/\/api.w.org\/{rel}","templated":true}]}}