{"id":63794,"date":"2019-10-09T06:51:34","date_gmt":"2019-10-09T10:51:34","guid":{"rendered":"https:\/\/linitiative.ca\/International\/mercedes-benz-inaugure-un-nouvel-advanced-design-center-en-france\/"},"modified":"2019-10-09T06:51:34","modified_gmt":"2019-10-09T10:51:34","slug":"mercedes-benz-inaugure-un-nouvel-advanced-design-center-en-france","status":"publish","type":"post","link":"https:\/\/linitiative.ca\/International\/mercedes-benz-inaugure-un-nouvel-advanced-design-center-en-france\/","title":{"rendered":"Mercedes-Benz inaugure un nouvel \u00abAdvanced Design Center\u00bb en France"},"content":{"rendered":"<p class=\"c4\"><span class=\"c3\"><strong><span class=\"c2\">M<\/span>ercedes-Benz \u00e9toffe son r\u00e9seau international de centres de design \u00abAdvanced Design Center\u00bb. La marque \u00e0 l\u2019\u00e9toile vient d\u2019ouvrir son nouveau centre dans la \u00abSilicon Valley\u00bb fran\u00e7aise, sur la C\u00f4te d\u2019Azur.<\/strong><\/span><\/p>\n<p class=\"c4\">Avec l\u2019ouverture du nouveau Centre sur la c\u00f4te m\u00e9diterran\u00e9enne fran\u00e7aise, Mercedes-Benz renoue avec l\u2019un des berceaux de la marque. Pour la petite histoire, en 1899 l\u2019homme d\u2019affaires Emil Jellinek, alors domicili\u00e9 \u00e0 Nice, prend pour la premi\u00e8re fois le d\u00e9part d\u2019une course automobile sur la C\u00f4te d\u2019Azur sous le pseudonyme \u00abMonsieur Merc\u00e9d\u00e8s\u00bb, pr\u00e9nom de sa fille. En 1902, la soci\u00e9t\u00e9 Daimler-Motoren-Gesellschaft (DMG) d\u00e9pose et proc\u00e8de \u00e0 l\u2019enregistrement de la marque \u00abMercedes\u00bb.<\/p>\n<p class=\"c4\">\u00abCe nouveau Design Center en France s\u2019inscrit parfaitement dans notre strat\u00e9gie visant \u00e0 \u00e9toffer le nombre d\u2019\u00abespaces cr\u00e9atifs\u00bb mis \u00e0 disposition de notre r\u00e9seau de design international. L\u2019implantation de Design Center partout dans le monde nous permet d\u2019\u00eatre chez nous o\u00f9 que nous soyons et de travailler et de vivre en \u00e9tant toujours ax\u00e9s sur le futur. Nous souhaitons d\u00e9velopper davantage nos strat\u00e9gies et nos visions pour cr\u00e9er une r\u00e9elle mobilit\u00e9 durable et des exp\u00e9riences clients fascinantes \u00e0 tous les niveaux\u00bb, a d\u00e9clar\u00e9 Gorden Wagener, Patron du Design chez Daimler AG, avant d\u2019ajouter : \u00abLe nouvel Advanced Design Center est une \u00e9tape strat\u00e9gique dans l\u2019application de notre philosophie stylistique de la puret\u00e9 sensuelle. Nous cr\u00e9ons de nouveaux cadres de travail id\u00e9aux qui offrent beaucoup d\u2019espace \u00e0 nos designers et \u00e0 leurs id\u00e9es\u00bb.<\/p>\n<p class=\"c4\">L\u2019Advanced Design Center pr\u00e8s d\u2019Antibes sera le nouvel antre des designers en France. L\u2019\u00e9difice de forme cylindrique qui s\u2019\u00e9tend sur 50 m de long et 20 m de large est ench\u00e2ss\u00e9 au c\u0153ur d\u2019une for\u00eat de pins, le b\u00e9ton et le verre sont les mat\u00e9riaux dominants de l\u2019architecture \u00e9pur\u00e9e de ce b\u00e2timent.<\/p>\n<p class=\"c4\">Avec une surface de plus de 3 000 m2, le b\u00e2timent offre suffisamment d\u2019espace pour accueillir environ 50 designers. Toutes les disciplines fondamentales du design Mercedes-Benz y sont repr\u00e9sent\u00e9es : le design ext\u00e9rieur et int\u00e9rieur classique, le design num\u00e9rique (digital) ou encore le design UI et le design UX dont l\u2019importance ne cesse de cro\u00eetre \u00e0 l\u2019heure de la conduite autonome et de la communication homme-machine.<\/p>\n<p class=\"c4\">De nouvelles m\u00e9thodes de travail et de cr\u00e9ativit\u00e9 seront par ailleurs mises en application dans le centre de la C\u00f4te d\u2019Azur selon Mercedes-Benz. Des structures hi\u00e9rarchiques et d\u00e9cisionnelles horizontales, des conditions de travail flexibles en mati\u00e8re d\u2019espaces temporels et physiques et un degr\u00e9 \u00e9lev\u00e9 d\u2019interdisciplinarit\u00e9 et de mise en r\u00e9seau \u00e0 l\u2019\u00e9chelle internationale devront permettre de r\u00e9pondre aux exigences d\u2019un design global \u00e0 l\u2019heure du num\u00e9rique. Il s\u2019agira, en s\u2019appuyant sur de nouveaux formats, de r\u00e9pondre \u00e0 des questions complexes et d\u2019atteindre des objectifs concrets dans un laps de temps court. Cela permettra \u00e9galement au Design Center de jouer un r\u00f4le moteur dans la poursuite du d\u00e9veloppement de la philosophie stylistique Mercedes-Benz de la puret\u00e9 sensuelle et d\u2019initier de nouvelles tendances \u00e0 partir d\u2019id\u00e9es conceptuelles in\u00e9dites.<\/p>\n<p class=\"c4\"><strong>Qu\u2019est-ce qu\u2019un \u00abAdvanced Design Center\u00bb\u00a0?<\/strong><\/p>\n<p class=\"c4\">\u00c0 l\u2019\u00e9chelle mondiale, Mercedes-Benz a mis en place plusieurs Advanced Design Center qui reprennent les derni\u00e8res tendances au niveau local, les analysant et les appliquant au processus cr\u00e9atif. Ils agissent ainsi comme des d\u00e9tecteurs de tendances dans des domaines tels que l\u2019art, la culture et l\u2019architecture. Il s\u2019agit essentiellement de d\u00e9couvrir intuitivement des d\u00e9veloppements qui pourraient \u00eatre int\u00e9gr\u00e9s dans un design intemporel et d\u2019acqu\u00e9rir instinctivement des tendances importantes et durables. Ces centres apportent une contribution importante au d\u00e9veloppement continu de la philosophie de design Sensual Purity de Mercedes-Benz et \u00e0 l\u2019application de nouvelles id\u00e9es de design. Le but \u00e9tant d\u2019\u00e9tablir des tendances qui continueront \u00e0 donner \u00e0 Mercedes Benz un caract\u00e8re sensuel et esth\u00e9tique sans trahir ses racines et son identit\u00e9 de marque.<\/p>\n<p class=\"c5\"><strong>Aimen Bouzoggaghe<\/strong><\/p>\n<p>Auteur: M&rsquo;hammed rahal<br \/>\n<a href=\"http:\/\/albayane.press.ma\/mercedes-benz-inaugure-un-nouvel-advanced-design-center-en-france.html\">Cliquez ici pour lire l&rsquo;article depuis sa source.<\/a><\/p>\n","protected":false},"excerpt":{"rendered":"<p>Mercedes-Benz \u00e9toffe son r\u00e9seau international de centres de design \u00abAdvanced Design Center\u00bb. La marque \u00e0 l\u2019\u00e9toile vient d\u2019ouvrir son nouveau centre dans la \u00abSilicon Valley\u00bb fran\u00e7aise, sur la C\u00f4te d\u2019Azur. Avec l\u2019ouverture du nouveau Centre sur la c\u00f4te m\u00e9diterran\u00e9enne fran\u00e7aise, Mercedes-Benz renoue avec l\u2019un des berceaux de la marque. Pour la petite histoire, en 1899 [&hellip;]<\/p>\n","protected":false},"author":1760,"featured_media":0,"comment_status":"closed","ping_status":"closed","sticky":false,"template":"","format":"standard","meta":{"fifu_image_url":"","fifu_image_alt":"","footnotes":""},"categories":[73,54],"tags":[],"class_list":["post-63794","post","type-post","status-publish","format-standard","hentry","category-actualite","category-maroc"],"_links":{"self":[{"href":"https:\/\/linitiative.ca\/International\/wp-json\/wp\/v2\/posts\/63794","targetHints":{"allow":["GET"]}}],"collection":[{"href":"https:\/\/linitiative.ca\/International\/wp-json\/wp\/v2\/posts"}],"about":[{"href":"https:\/\/linitiative.ca\/International\/wp-json\/wp\/v2\/types\/post"}],"author":[{"embeddable":true,"href":"https:\/\/linitiative.ca\/International\/wp-json\/wp\/v2\/users\/1760"}],"replies":[{"embeddable":true,"href":"https:\/\/linitiative.ca\/International\/wp-json\/wp\/v2\/comments?post=63794"}],"version-history":[{"count":0,"href":"https:\/\/linitiative.ca\/International\/wp-json\/wp\/v2\/posts\/63794\/revisions"}],"wp:attachment":[{"href":"https:\/\/linitiative.ca\/International\/wp-json\/wp\/v2\/media?parent=63794"}],"wp:term":[{"taxonomy":"category","embeddable":true,"href":"https:\/\/linitiative.ca\/International\/wp-json\/wp\/v2\/categories?post=63794"},{"taxonomy":"post_tag","embeddable":true,"href":"https:\/\/linitiative.ca\/International\/wp-json\/wp\/v2\/tags?post=63794"}],"curies":[{"name":"wp","href":"https:\/\/api.w.org\/{rel}","templated":true}]}}