{"id":63796,"date":"2019-10-09T07:04:46","date_gmt":"2019-10-09T11:04:46","guid":{"rendered":"https:\/\/linitiative.ca\/International\/journee-sans-voiture\/"},"modified":"2019-10-09T07:04:46","modified_gmt":"2019-10-09T11:04:46","slug":"journee-sans-voiture","status":"publish","type":"post","link":"https:\/\/linitiative.ca\/International\/journee-sans-voiture\/","title":{"rendered":"Journ\u00e9e sans voiture"},"content":{"rendered":"<p class=\"c4\"><span class=\"c3\"><strong><span class=\"c2\">L<\/span>e 13 octobre, notez bien cette date car, si vous habitez Casablanca ou Mohammedia vous \u00eates appel\u00e9s \u00e0 laisser votre voiture au garage.<\/strong><\/span><\/p>\n<p class=\"c4\">Casa Environnement (r\u00e9seau des associations de Casablanca pour l\u2019environnement et le d\u00e9veloppement durable), en partenariat avec le secr\u00e9tariat d\u2019\u00c9tat charg\u00e9 du D\u00e9veloppement durable, le minist\u00e8re de la Jeunesse et des sports, la wilaya de la R\u00e9gion de Casablanca-Settat, la Commune de Casablanca et l\u2019universit\u00e9 Hassan II de Casablanca, organisent la quatri\u00e8me \u00e9dition de la journ\u00e9e sans voiture.<\/p>\n<p class=\"c4\">Une action symbolique \u00e0 travers laquelle les partenaires aspirent \u00e0 favoriser la prise de conscience collective des nuisances caus\u00e9es par la croissance du trafic automobile.<\/p>\n<p class=\"c4\">Ainsi, Casa Environnement annonce sur son site web que l\u2019interdiction de circuler en voiture sera observ\u00e9e dans plusieurs zones du Grand Casablanca entre 10H00 et 16H00.<\/p>\n<p class=\"c4\">Parmi ces zones, figurent notamment rue de Rome, Bd Omar El Idrissi, rue Bnou Khalouya, rue d\u2019Anvers, rue Hatim Al Assam, Bd de Londres, rue Ibn Toumart, rue Figuigui et toute la zone int\u00e9rieure (Pr\u00e9fecture El Fida-Mers Sultan).<\/p>\n<p class=\"c4\">Au niveau de la pr\u00e9fecture Ain Seba\u00e2-Hay Mohammadi, il s\u2019agit du Bd Mohammed V (place Al Yassir-gare Casa Voyageurs), Bd Ba Hmad (gare Casa Voyageurs-Bd Moulay Ismail) et toute la zone int\u00e9rieure.<\/p>\n<p class=\"c4\">Aussi, cette journ\u00e9e sera marqu\u00e9e par l\u2019organisation de plusieurs manifestations visant \u00e0 sensibiliser la population aux dangers de la pollution provoqu\u00e9e par les v\u00e9hicules \u00e0 moteur thermique sur l\u2019environnement et la sant\u00e9, notamment des enfants.<\/p>\n<p class=\"c4\">Il est \u00e0 noter parmi les maladies provoqu\u00e9es par ce type de pollution figurent les accidents vasculaires c\u00e9r\u00e9braux, cardiopathies, cancer du poumon, affections respiratoires, chroniques ou aigu\u00ebs, asthme\u2026<\/p>\n<p class=\"c5\"><strong>Aimen Bouzoggaghe<\/strong><\/p>\n<p>Auteur: M&rsquo;hammed rahal<br \/>\n<a href=\"http:\/\/albayane.press.ma\/journee-sans-voiture.html\">Cliquez ici pour lire l&rsquo;article depuis sa source.<\/a><\/p>\n","protected":false},"excerpt":{"rendered":"<p>Le 13 octobre, notez bien cette date car, si vous habitez Casablanca ou Mohammedia vous \u00eates appel\u00e9s \u00e0 laisser votre voiture au garage. Casa Environnement (r\u00e9seau des associations de Casablanca pour l\u2019environnement et le d\u00e9veloppement durable), en partenariat avec le secr\u00e9tariat d\u2019\u00c9tat charg\u00e9 du D\u00e9veloppement durable, le minist\u00e8re de la Jeunesse et des sports, la [&hellip;]<\/p>\n","protected":false},"author":1760,"featured_media":0,"comment_status":"closed","ping_status":"closed","sticky":false,"template":"","format":"standard","meta":{"fifu_image_url":"","fifu_image_alt":"","footnotes":""},"categories":[73,54],"tags":[],"class_list":["post-63796","post","type-post","status-publish","format-standard","hentry","category-actualite","category-maroc"],"_links":{"self":[{"href":"https:\/\/linitiative.ca\/International\/wp-json\/wp\/v2\/posts\/63796","targetHints":{"allow":["GET"]}}],"collection":[{"href":"https:\/\/linitiative.ca\/International\/wp-json\/wp\/v2\/posts"}],"about":[{"href":"https:\/\/linitiative.ca\/International\/wp-json\/wp\/v2\/types\/post"}],"author":[{"embeddable":true,"href":"https:\/\/linitiative.ca\/International\/wp-json\/wp\/v2\/users\/1760"}],"replies":[{"embeddable":true,"href":"https:\/\/linitiative.ca\/International\/wp-json\/wp\/v2\/comments?post=63796"}],"version-history":[{"count":0,"href":"https:\/\/linitiative.ca\/International\/wp-json\/wp\/v2\/posts\/63796\/revisions"}],"wp:attachment":[{"href":"https:\/\/linitiative.ca\/International\/wp-json\/wp\/v2\/media?parent=63796"}],"wp:term":[{"taxonomy":"category","embeddable":true,"href":"https:\/\/linitiative.ca\/International\/wp-json\/wp\/v2\/categories?post=63796"},{"taxonomy":"post_tag","embeddable":true,"href":"https:\/\/linitiative.ca\/International\/wp-json\/wp\/v2\/tags?post=63796"}],"curies":[{"name":"wp","href":"https:\/\/api.w.org\/{rel}","templated":true}]}}