{"id":63799,"date":"2019-10-09T08:57:59","date_gmt":"2019-10-09T12:57:59","guid":{"rendered":"https:\/\/linitiative.ca\/International\/vulgarisation-scientifique-en-mediterranee-appel-a-candidatures-au-prix-eureka\/"},"modified":"2019-10-09T08:57:59","modified_gmt":"2019-10-09T12:57:59","slug":"vulgarisation-scientifique-en-mediterranee-appel-a-candidatures-au-prix-eureka","status":"publish","type":"post","link":"https:\/\/linitiative.ca\/International\/vulgarisation-scientifique-en-mediterranee-appel-a-candidatures-au-prix-eureka\/","title":{"rendered":"Vulgarisation scientifique en M\u00e9diterran\u00e9e : Appel \u00e0 Candidatures au Prix Eur\u00eaka"},"content":{"rendered":"<p>La Cit\u00e9 des Sciences \u00e0 Tunis (CST) lance un appel \u00e0 candidatures au Prix Eur\u00eaka 2019, en collaboration avec l\u2019Association des Mus\u00e9es et Centres pour le D\u00e9veloppement de la Culture Scientifique, Technique et Industrielle (AMCSTI, France) et le Programme MED21.<\/p>\n<p>Ce prix r\u00e9compense, depuis 2017, des acteurs engag\u00e9s dans la promotion de l\u2019enseignement et de la vulgarisation scientifiques en M\u00e9diterran\u00e9e, indique la cit\u00e9 des sciences dans un communiqu\u00e9.<\/p>\n<p>Dans le cadre de sa troisi\u00e8me session, un Appel \u00e0 Candidatures est lanc\u00e9 sur la Rive Sud de la M\u00e9diterran\u00e9e.<\/p>\n<p>Les dossiers de candidature doivent parvenir \u00e0 la CST au plus tard le vendredi 08 novembre 2019 sous forme de CV d\u00e9taill\u00e9 et de rapport r\u00e9sumant la participation du candidat dans l\u2019enseignement et la vulgarisation scientifiques, pr\u00e9cise la m\u00eame source.<\/p>\n<p>La c\u00e9r\u00e9monie de remise du prix Eur\u00eaka 2019 aura lieu \u00e0 la CST le mardi 03 d\u00e9cembre 2019.<\/p>\n<p class=\"dpsp-share-text\">Partager c&rsquo;est aimer!<\/p>\n<div class=\"wp-post-author-wrap wp-post-author-shortcode left\">\n<h3 class=\"awpa-title\"\/>\n<div class=\"wp-post-author\">\n<div class=\"awpa-img awpa-author-block square\"><a href=\"http:\/\/lexpertjournal.net\/fr\/author\/expert\/\"><img loading=\"lazy\" decoding=\"async\" alt=\"\" src=\"http:\/\/2.gravatar.com\/avatar\/56d99be2a6f97af88ccb49fada637fcd?s=150&#038;d=mm&#038;r=g\" srcset=\"http:\/\/2.gravatar.com\/avatar\/56d99be2a6f97af88ccb49fada637fcd?s=300&#038;d=mm&#038;r=g 2x\" class=\"avatar avatar-150 photo\" height=\"150\" width=\"150\"\/><\/a><\/div>\n<\/div>\n<\/div>\n<p>Auteur: L&rsquo;expert<br \/>\n<a href=\"http:\/\/lexpertjournal.net\/fr\/2019\/10\/09\/vulgarisation-scientifique-en-mediterranee-appel-a-candidatures-au-prix-eureka\/\">Cliquez ici pour lire l&rsquo;article depuis sa source.<\/a><\/p>\n","protected":false},"excerpt":{"rendered":"<p>La Cit\u00e9 des Sciences \u00e0 Tunis (CST) lance un appel \u00e0 candidatures au Prix Eur\u00eaka 2019, en collaboration avec l\u2019Association des Mus\u00e9es et Centres pour le D\u00e9veloppement de la Culture Scientifique, Technique et Industrielle (AMCSTI, France) et le Programme MED21. Ce prix r\u00e9compense, depuis 2017, des acteurs engag\u00e9s dans la promotion de l\u2019enseignement et de [&hellip;]<\/p>\n","protected":false},"author":1775,"featured_media":0,"comment_status":"closed","ping_status":"closed","sticky":false,"template":"","format":"standard","meta":{"fifu_image_url":"","fifu_image_alt":"","footnotes":""},"categories":[78,55],"tags":[],"class_list":["post-63799","post","type-post","status-publish","format-standard","hentry","category-economie","category-tunisie"],"_links":{"self":[{"href":"https:\/\/linitiative.ca\/International\/wp-json\/wp\/v2\/posts\/63799","targetHints":{"allow":["GET"]}}],"collection":[{"href":"https:\/\/linitiative.ca\/International\/wp-json\/wp\/v2\/posts"}],"about":[{"href":"https:\/\/linitiative.ca\/International\/wp-json\/wp\/v2\/types\/post"}],"author":[{"embeddable":true,"href":"https:\/\/linitiative.ca\/International\/wp-json\/wp\/v2\/users\/1775"}],"replies":[{"embeddable":true,"href":"https:\/\/linitiative.ca\/International\/wp-json\/wp\/v2\/comments?post=63799"}],"version-history":[{"count":0,"href":"https:\/\/linitiative.ca\/International\/wp-json\/wp\/v2\/posts\/63799\/revisions"}],"wp:attachment":[{"href":"https:\/\/linitiative.ca\/International\/wp-json\/wp\/v2\/media?parent=63799"}],"wp:term":[{"taxonomy":"category","embeddable":true,"href":"https:\/\/linitiative.ca\/International\/wp-json\/wp\/v2\/categories?post=63799"},{"taxonomy":"post_tag","embeddable":true,"href":"https:\/\/linitiative.ca\/International\/wp-json\/wp\/v2\/tags?post=63799"}],"curies":[{"name":"wp","href":"https:\/\/api.w.org\/{rel}","templated":true}]}}