{"id":63800,"date":"2019-10-09T09:01:26","date_gmt":"2019-10-09T13:01:26","guid":{"rendered":"https:\/\/linitiative.ca\/International\/election-presidentielle-suspension-des-cours-dans-les-etablissements-scolaires-samedi\/"},"modified":"2019-10-09T09:01:26","modified_gmt":"2019-10-09T13:01:26","slug":"election-presidentielle-suspension-des-cours-dans-les-etablissements-scolaires-samedi","status":"publish","type":"post","link":"https:\/\/linitiative.ca\/International\/election-presidentielle-suspension-des-cours-dans-les-etablissements-scolaires-samedi\/","title":{"rendered":"Election pr\u00e9sidentielle : Suspension des cours dans les \u00e9tablissements scolaires samedi"},"content":{"rendered":"<p>Le minist\u00e8re de l\u2019\u00e9ducation annonce dans un communiqu\u00e9 que les cours seront suspendus dans toutes les \u00e9coles primaires, tous les coll\u00e8ges et tous les lyc\u00e9es secondaires ce samedi 12 octobre et reprendront normalement le lundi 14 octobre 2019.<\/p>\n<p>Le minist\u00e8re pr\u00e9cise que cette mesure a \u00e9t\u00e9 prise pour pouvoir assurer les pr\u00e9paratifs et le bon d\u00e9roulement du scrutin du 2\u00e8me tour de l\u2019\u00e9lection pr\u00e9sidentielle anticip\u00e9e pr\u00e9vu le 13 octobre 2019.<\/p>\n<p class=\"dpsp-share-text\">Partager c&rsquo;est aimer!<\/p>\n<div class=\"wp-post-author-wrap wp-post-author-shortcode left\">\n<h3 class=\"awpa-title\"\/>\n<div class=\"wp-post-author\">\n<div class=\"awpa-img awpa-author-block square\"><a href=\"http:\/\/lexpertjournal.net\/fr\/author\/expert\/\"><img loading=\"lazy\" decoding=\"async\" alt=\"\" src=\"http:\/\/2.gravatar.com\/avatar\/56d99be2a6f97af88ccb49fada637fcd?s=150&#038;d=mm&#038;r=g\" srcset=\"http:\/\/2.gravatar.com\/avatar\/56d99be2a6f97af88ccb49fada637fcd?s=300&#038;d=mm&#038;r=g 2x\" class=\"avatar avatar-150 photo\" height=\"150\" width=\"150\"\/><\/a><\/div>\n<\/div>\n<\/div>\n<p>Auteur: L&rsquo;expert<br \/>\n<a href=\"http:\/\/lexpertjournal.net\/fr\/2019\/10\/09\/election-presidentielle-suspension-des-cours-dans-les-etablissements-scolaires-samedi\/\">Cliquez ici pour lire l&rsquo;article depuis sa source.<\/a><\/p>\n","protected":false},"excerpt":{"rendered":"<p>Le minist\u00e8re de l\u2019\u00e9ducation annonce dans un communiqu\u00e9 que les cours seront suspendus dans toutes les \u00e9coles primaires, tous les coll\u00e8ges et tous les lyc\u00e9es secondaires ce samedi 12 octobre et reprendront normalement le lundi 14 octobre 2019. Le minist\u00e8re pr\u00e9cise que cette mesure a \u00e9t\u00e9 prise pour pouvoir assurer les pr\u00e9paratifs et le bon [&hellip;]<\/p>\n","protected":false},"author":1775,"featured_media":0,"comment_status":"closed","ping_status":"closed","sticky":false,"template":"","format":"standard","meta":{"fifu_image_url":"","fifu_image_alt":"","footnotes":""},"categories":[78,55],"tags":[],"class_list":["post-63800","post","type-post","status-publish","format-standard","hentry","category-economie","category-tunisie"],"_links":{"self":[{"href":"https:\/\/linitiative.ca\/International\/wp-json\/wp\/v2\/posts\/63800","targetHints":{"allow":["GET"]}}],"collection":[{"href":"https:\/\/linitiative.ca\/International\/wp-json\/wp\/v2\/posts"}],"about":[{"href":"https:\/\/linitiative.ca\/International\/wp-json\/wp\/v2\/types\/post"}],"author":[{"embeddable":true,"href":"https:\/\/linitiative.ca\/International\/wp-json\/wp\/v2\/users\/1775"}],"replies":[{"embeddable":true,"href":"https:\/\/linitiative.ca\/International\/wp-json\/wp\/v2\/comments?post=63800"}],"version-history":[{"count":0,"href":"https:\/\/linitiative.ca\/International\/wp-json\/wp\/v2\/posts\/63800\/revisions"}],"wp:attachment":[{"href":"https:\/\/linitiative.ca\/International\/wp-json\/wp\/v2\/media?parent=63800"}],"wp:term":[{"taxonomy":"category","embeddable":true,"href":"https:\/\/linitiative.ca\/International\/wp-json\/wp\/v2\/categories?post=63800"},{"taxonomy":"post_tag","embeddable":true,"href":"https:\/\/linitiative.ca\/International\/wp-json\/wp\/v2\/tags?post=63800"}],"curies":[{"name":"wp","href":"https:\/\/api.w.org\/{rel}","templated":true}]}}