{"id":63803,"date":"2019-10-09T09:21:24","date_gmt":"2019-10-09T13:21:24","guid":{"rendered":"https:\/\/linitiative.ca\/International\/classement-du-forum-de-davos-la-tunisie-garde-la-87eme-place\/"},"modified":"2019-10-09T09:21:24","modified_gmt":"2019-10-09T13:21:24","slug":"classement-du-forum-de-davos-la-tunisie-garde-la-87eme-place","status":"publish","type":"post","link":"https:\/\/linitiative.ca\/International\/classement-du-forum-de-davos-la-tunisie-garde-la-87eme-place\/","title":{"rendered":"Classement du Forum de Davos :  La Tunisie garde la 87\u00e8me place"},"content":{"rendered":"<p>La Tunisie s\u2019est maintenue \u00e0 la 87\u00e8me position dans le \u00ab Rapport mondial sur la Comp\u00e9titivit\u00e9 globale \u00bb 2019-2020 du Forum de Davos sur 141 pays trait\u00e9s, tout en enregistrant une am\u00e9lioration de 0,8 point dans son score, passant de 55,6 en 2018, \u00e0 56,4 en 2019, d\u2019apr\u00e8s les donn\u00e9es pr\u00e9sent\u00e9es, mercredi, \u00e0 Tunis, lors d\u2019une conf\u00e9rence de presse, tenue, par l\u2019 Institut Arabe des Chefs d\u2019Entreprises (IACE).<\/p>\n<p>Dans la r\u00e9gion Mena (Moyen-Orient et Afrique du Nord) la Tunisie est class\u00e9e au 9\u00e8me rang dans ce rapport qui comprend 103 indicateurs, tels que le taux d\u2019inflation, la concurrence dans les services et le financement des PMEs, r\u00e9partis sur 12 piliers dont l\u2019infrastructure, l\u2019\u00e9ducation, la stabilit\u00e9 macro-\u00e9conomique\u2026<\/p>\n<p>Par pilier, la Tunisie a \u00e9t\u00e9 class\u00e9e 73\u00e8me dans le pilier institutions, 85\u00e8me en termes d\u2019infrastructure, 83\u00e8me pour l\u2019adoption des TIC, 124\u00e8me s\u2019agissant de la stabilit\u00e9 macro\u00e9conomique, 49\u00e8me en mati\u00e8re de sant\u00e9 et 84\u00e8me pour ce qui est de l\u2019\u00e9ducation et comp\u00e9tences.<\/p>\n<p>Concernant le pilier march\u00e9 des produits, la Tunisie a \u00e9t\u00e9 class\u00e9e au 92\u00e8me rang, 133\u00e8me dans le march\u00e9 de travail, 94\u00e8me en ce qui concerne le syst\u00e8me financier, 71\u00e8me dans la taille du march\u00e9, 74\u00e8me au plan de la dynamique des affaires et 92\u00e8me dans la capacit\u00e9 d\u2019innovation.<\/p>\n<p>Le Directeur ex\u00e9cutif de l\u2019IACE Majdi Hassen a qualifi\u00e9 les r\u00e9sultats du \u00ab Rapport mondial sur la Comp\u00e9titivit\u00e9 globale \u00bb 2019-2020 du Forum de Davos d\u2019inqui\u00e9tants pour la Tunisie, surtout que sur 103 indicateurs cl\u00e9s de l\u2019\u00e9volution des rangs en 2019, le pays a enregistr\u00e9 une d\u00e9gradation de 60 indicateurs contre seulement 29 indicateurs en \u00e9volution et 9 indicateurs en stagnation.<\/p>\n<p class=\"dpsp-share-text\">Partager c&rsquo;est aimer!<\/p>\n<div class=\"wp-post-author-wrap wp-post-author-shortcode left\">\n<h3 class=\"awpa-title\"\/>\n<div class=\"wp-post-author\">\n<div class=\"awpa-img awpa-author-block square\"><a href=\"http:\/\/lexpertjournal.net\/fr\/author\/expert\/\"><img loading=\"lazy\" decoding=\"async\" alt=\"\" src=\"http:\/\/2.gravatar.com\/avatar\/56d99be2a6f97af88ccb49fada637fcd?s=150&#038;d=mm&#038;r=g\" srcset=\"http:\/\/2.gravatar.com\/avatar\/56d99be2a6f97af88ccb49fada637fcd?s=300&#038;d=mm&#038;r=g 2x\" class=\"avatar avatar-150 photo\" height=\"150\" width=\"150\"\/><\/a><\/div>\n<\/div>\n<\/div>\n<p>Auteur: L&rsquo;expert<br \/>\n<a href=\"http:\/\/lexpertjournal.net\/fr\/2019\/10\/09\/classement-du-forum-de-davos-la-tunisie-garde-la-87eme-place\/\">Cliquez ici pour lire l&rsquo;article depuis sa source.<\/a><\/p>\n","protected":false},"excerpt":{"rendered":"<p>La Tunisie s\u2019est maintenue \u00e0 la 87\u00e8me position dans le \u00ab Rapport mondial sur la Comp\u00e9titivit\u00e9 globale \u00bb 2019-2020 du Forum de Davos sur 141 pays trait\u00e9s, tout en enregistrant une am\u00e9lioration de 0,8 point dans son score, passant de 55,6 en 2018, \u00e0 56,4 en 2019, d\u2019apr\u00e8s les donn\u00e9es pr\u00e9sent\u00e9es, mercredi, \u00e0 Tunis, lors [&hellip;]<\/p>\n","protected":false},"author":1775,"featured_media":0,"comment_status":"closed","ping_status":"closed","sticky":false,"template":"","format":"standard","meta":{"fifu_image_url":"","fifu_image_alt":"","footnotes":""},"categories":[78,55],"tags":[],"class_list":["post-63803","post","type-post","status-publish","format-standard","hentry","category-economie","category-tunisie"],"_links":{"self":[{"href":"https:\/\/linitiative.ca\/International\/wp-json\/wp\/v2\/posts\/63803","targetHints":{"allow":["GET"]}}],"collection":[{"href":"https:\/\/linitiative.ca\/International\/wp-json\/wp\/v2\/posts"}],"about":[{"href":"https:\/\/linitiative.ca\/International\/wp-json\/wp\/v2\/types\/post"}],"author":[{"embeddable":true,"href":"https:\/\/linitiative.ca\/International\/wp-json\/wp\/v2\/users\/1775"}],"replies":[{"embeddable":true,"href":"https:\/\/linitiative.ca\/International\/wp-json\/wp\/v2\/comments?post=63803"}],"version-history":[{"count":0,"href":"https:\/\/linitiative.ca\/International\/wp-json\/wp\/v2\/posts\/63803\/revisions"}],"wp:attachment":[{"href":"https:\/\/linitiative.ca\/International\/wp-json\/wp\/v2\/media?parent=63803"}],"wp:term":[{"taxonomy":"category","embeddable":true,"href":"https:\/\/linitiative.ca\/International\/wp-json\/wp\/v2\/categories?post=63803"},{"taxonomy":"post_tag","embeddable":true,"href":"https:\/\/linitiative.ca\/International\/wp-json\/wp\/v2\/tags?post=63803"}],"curies":[{"name":"wp","href":"https:\/\/api.w.org\/{rel}","templated":true}]}}