{"id":63804,"date":"2019-10-09T13:05:20","date_gmt":"2019-10-09T17:05:20","guid":{"rendered":"https:\/\/linitiative.ca\/International\/mila-creation-dun-atelier-dart-destine-aux-enfants-autistes\/"},"modified":"2019-10-09T13:05:20","modified_gmt":"2019-10-09T17:05:20","slug":"mila-creation-dun-atelier-dart-destine-aux-enfants-autistes","status":"publish","type":"post","link":"https:\/\/linitiative.ca\/International\/mila-creation-dun-atelier-dart-destine-aux-enfants-autistes\/","title":{"rendered":"Mila : cr\u00e9ation d\u2019un atelier d\u2019art destin\u00e9 aux enfants autistes"},"content":{"rendered":"<p><span class=\"sp-nh-title\">Bedoui re\u00e7oit le ministre des Affaires \u00e9trang\u00e8res turc \u00a0<\/span> &#8211; <span class=\"sp-nh-date\">mercredi 9 octobre 2019 17:37<\/span><\/p>\n<p><span class=\"sp-nh-title\">Football\/Alg\u00e9rie &#8211; RDC (amical) : faible engouement pour l\u2019achat des billets du match<\/span> &#8211; <span class=\"sp-nh-date\">mercredi 9 octobre 2019 17:23<\/span><\/p>\n<p><span class=\"sp-nh-title\">L&rsquo;ANP r\u00e9affirme son attachement \u00e0 l&rsquo;organisation de l&rsquo;\u00e9lection pr\u00e9sidentielle dans le d\u00e9lai fix\u00e9\u00a0<\/span> &#8211; <span class=\"sp-nh-date\">mercredi 9 octobre 2019 17:19<\/span><\/p>\n<p><span class=\"sp-nh-title\">Produits alg\u00e9riens : des avanc\u00e9es qualitatives et des perspectives pour les exportations<\/span> &#8211; <span class=\"sp-nh-date\">mercredi 9 octobre 2019 17:14<\/span><\/p>\n<p><span class=\"sp-nh-title\">La police judiciaire de Ch\u00e9raga d\u00e9mant\u00e8le un r\u00e9seau sp\u00e9cialis\u00e9 dans la contrebande internationale de tabac<\/span> &#8211; <span class=\"sp-nh-date\">mercredi 9 octobre 2019 16:31<\/span><\/p>\n<p><span class=\"sp-nh-title\">Ouargla: cr\u00e9ation d\u2019une cellule d\u2019\u00e9coute et de conseil au centre culturel islamique<\/span> &#8211; <span class=\"sp-nh-date\">mercredi 9 octobre 2019 16:28<\/span><\/p>\n<p><span class=\"sp-nh-title\">Mila : acclimatation du faisan commun en milieu forestier de Hamala<\/span> &#8211; <span class=\"sp-nh-date\">mercredi 9 octobre 2019 16:13<\/span><\/p>\n<p><span class=\"sp-nh-title\">Le peintre Hachemi Ameur expose \u00e0 Alger ses Carnets de voyages 2<\/span> &#8211; <span class=\"sp-nh-date\">mercredi 9 octobre 2019 15:45<\/span><\/p>\n<p><span class=\"sp-nh-title\">L&rsquo;APS signe un m\u00e9morandum d&rsquo;entente et une convention de coop\u00e9ration avec CNA et FENA<\/span> &#8211; <span class=\"sp-nh-date\">mercredi 9 octobre 2019 15:43<\/span><\/p>\n<p><span class=\"sp-nh-title\">ANEM de Blida : plus de 10.000 placements depuis le d\u00e9but de l\u2019ann\u00e9e<\/span> &#8211; <span class=\"sp-nh-date\">mercredi 9 octobre 2019 15:39<\/span><\/p>\n<p><span class=\"sp-nh-title\">Aviron\/JO-2020: les rameurs alg\u00e9riens \u00e0 l&rsquo;assaut des places qualificatives \u00e0 Tunis<\/span> &#8211; <span class=\"sp-nh-date\">mercredi 9 octobre 2019 15:31<\/span><\/p>\n<p><span class=\"sp-nh-title\">M\u2019sila : 14 personnes sous mandat\u00a0 de d\u00e9p\u00f4t suite \u00e0 de r\u00e9centes protestations \u00a0<\/span> &#8211; <span class=\"sp-nh-date\">mercredi 9 octobre 2019 15:23<\/span><\/p>\n<p><span class=\"sp-nh-title\">Ligue africaine de basket-ball (1er tour pr\u00e9liminaire): le GSP vers\u00e9 dans le groupe A<\/span> &#8211; <span class=\"sp-nh-date\">mercredi 9 octobre 2019 15:21<\/span><\/p>\n<p><span class=\"sp-nh-title\">Dix \u00e9l\u00e9ments de soutien aux groupes terroristes arr\u00eat\u00e9s \u00e0 Khenchela<\/span> &#8211; <span class=\"sp-nh-date\">mercredi 9 octobre 2019 15:19<\/span><\/p>\n<p><span class=\"sp-nh-title\">D\u00e9c\u00e8s du com\u00e9dien Abdelkrim Ben Kherfellah \u00a0<\/span> &#8211; <span class=\"sp-nh-date\">mercredi 9 octobre 2019 15:07<\/span><\/p>\n<p><span class=\"sp-nh-title\">Boxe\/Mondiaux 2019 (Dames): l&rsquo;Alg\u00e9rienne Sefouh (54 kg) \u00e9limin\u00e9e en 8e de finale<\/span> &#8211; <span class=\"sp-nh-date\">mercredi 9 octobre 2019 14:43<\/span><\/p>\n<p><span class=\"sp-nh-title\">ANIE : 200 experts en Droit auront \u00e0 \u00e9tudier les dossiers des postulants \u00a0<\/span> &#8211; <span class=\"sp-nh-date\">mercredi 9 octobre 2019 14:36<\/span><\/p>\n<p><span class=\"sp-nh-title\">Alg\u00e9rie-Turquie: m\u00e9morandum d&rsquo;entente dans le domaine des Ressources en eau<\/span> &#8211; <span class=\"sp-nh-date\">mercredi 9 octobre 2019 14:34<\/span><\/p>\n<p><span class=\"sp-nh-title\">Equipe nationale de football : M&rsquo;bolhi en passe de rejoindre Bougherra avec 70 s\u00e9lections<\/span> &#8211; <span class=\"sp-nh-date\">mercredi 9 octobre 2019 13:53<\/span><\/p>\n<p><span class=\"sp-nh-title\">Une d\u00e9l\u00e9gation du Conseil de la nation prend part \u00e0 une Conf\u00e9rence sur les TICS et la lutte contre le terrorisme<\/span> &#8211; <span class=\"sp-nh-date\">mercredi 9 octobre 2019 13:42<\/span><\/p>\n<p>Auteur:<br \/>\n<a href=\"http:\/\/www.aps.dz\/culture\/95405-mila-creation-d-un-atelier-d-art-destine-aux-enfants-autistes\">Cliquez ici pour lire l&rsquo;article depuis sa source.<\/a><\/p>\n","protected":false},"excerpt":{"rendered":"<p>Bedoui re\u00e7oit le ministre des Affaires \u00e9trang\u00e8res turc \u00a0 &#8211; mercredi 9 octobre 2019 17:37 Football\/Alg\u00e9rie &#8211; RDC (amical) : faible engouement pour l\u2019achat des billets du match &#8211; mercredi 9 octobre 2019 17:23 L&rsquo;ANP r\u00e9affirme son attachement \u00e0 l&rsquo;organisation de l&rsquo;\u00e9lection pr\u00e9sidentielle dans le d\u00e9lai fix\u00e9\u00a0 &#8211; mercredi 9 octobre 2019 17:19 Produits alg\u00e9riens [&hellip;]<\/p>\n","protected":false},"author":1790,"featured_media":0,"comment_status":"closed","ping_status":"closed","sticky":false,"template":"","format":"standard","meta":{"fifu_image_url":"","fifu_image_alt":"","footnotes":""},"categories":[53,79],"tags":[],"class_list":["post-63804","post","type-post","status-publish","format-standard","hentry","category-algerie","category-culture"],"_links":{"self":[{"href":"https:\/\/linitiative.ca\/International\/wp-json\/wp\/v2\/posts\/63804","targetHints":{"allow":["GET"]}}],"collection":[{"href":"https:\/\/linitiative.ca\/International\/wp-json\/wp\/v2\/posts"}],"about":[{"href":"https:\/\/linitiative.ca\/International\/wp-json\/wp\/v2\/types\/post"}],"author":[{"embeddable":true,"href":"https:\/\/linitiative.ca\/International\/wp-json\/wp\/v2\/users\/1790"}],"replies":[{"embeddable":true,"href":"https:\/\/linitiative.ca\/International\/wp-json\/wp\/v2\/comments?post=63804"}],"version-history":[{"count":0,"href":"https:\/\/linitiative.ca\/International\/wp-json\/wp\/v2\/posts\/63804\/revisions"}],"wp:attachment":[{"href":"https:\/\/linitiative.ca\/International\/wp-json\/wp\/v2\/media?parent=63804"}],"wp:term":[{"taxonomy":"category","embeddable":true,"href":"https:\/\/linitiative.ca\/International\/wp-json\/wp\/v2\/categories?post=63804"},{"taxonomy":"post_tag","embeddable":true,"href":"https:\/\/linitiative.ca\/International\/wp-json\/wp\/v2\/tags?post=63804"}],"curies":[{"name":"wp","href":"https:\/\/api.w.org\/{rel}","templated":true}]}}