{"id":63807,"date":"2019-10-09T09:08:00","date_gmt":"2019-10-09T13:08:00","guid":{"rendered":"https:\/\/linitiative.ca\/International\/mise-sous-controle-judiciaire-pour-six-manifestants\/"},"modified":"2019-10-09T09:08:00","modified_gmt":"2019-10-09T13:08:00","slug":"mise-sous-controle-judiciaire-pour-six-manifestants","status":"publish","type":"post","link":"https:\/\/linitiative.ca\/International\/mise-sous-controle-judiciaire-pour-six-manifestants\/","title":{"rendered":"Mise sous contr\u00f4le judiciaire pour six manifestants"},"content":{"rendered":"<div id=\"originalText\" readability=\"62\">\n<p>Le juge d&rsquo;instruction du tribunal de Bainem (Bab El Oued) a d\u00e9cid\u00e9 cet apr\u00e8s-midi la \u00ab mise sous contr\u00f4le judiciaire\u00a0\u00bb des manifestants arr\u00eat\u00e9s lors de la marche des \u00e9tudiants, mardi 8 octobre \u00e0 Alger. Il s\u2019agit de l\u2019\u00e9tudiant \u00e0 l\u2019USTHB, Fouad Bachene, et de cinq citoyens : Slimane Hamitouche, Amar Rokeiba, Noureddine Khimour, Lyes Rachid et Ali Mechoud.<\/p>\n<p>Les chefs d&rsquo;inculpation retenus contre eux sont, \u00ab attroupement non arm\u00e9 \u00bb, \u00ab d\u00e9sob\u00e9issance et atteinte \u00e0 l&rsquo;ordre public \u00bb.<\/p>\n<p>A l\u2019Est du pays, le jeune Amazigh Semmani vient d&rsquo;\u00eatre condamn\u00e9 par le juge du tribunal de Constantine \u00e0 un an de prison ferme pour \u00ab\u00a0profanation de l\u2019embl\u00e8me national\u00a0\u00bb. Son ami, Fentiche Ameziane, qui a \u00e9t\u00e9 arr\u00eat\u00e9 le m\u00eame jour, a \u00e9t\u00e9 acquitt\u00e9 par le m\u00eame tribunal, ce mercredi.<\/p>\n<p>Amazigh Semmani qui a d\u00e9j\u00e0 pass\u00e9 28 jours de d\u00e9tention provisoire est accus\u00e9 d&rsquo;atteinte \u00e0 l&rsquo;unit\u00e9 nationale et profanation de l&#8217;embl\u00e8me nationale.<\/p>\n<p>Il est \u00e0 noter que c\u2019est le premier d\u00e9tenu \u00e0 \u00eatre condamn\u00e9 officiellement depuis le d\u00e9but des arrestations de manifestants pacifiques.<\/p>\n<p class=\"c10\"><strong>Im\u00e8ne AMOKRANE<\/strong><\/p>\n<\/div>\n<div id=\"text_core\" readability=\"62\">\n<p>Le juge d&rsquo;instruction du tribunal de Bainem (Bab El Oued) a d\u00e9cid\u00e9 cet apr\u00e8s-midi la \u00ab mise sous contr\u00f4le judiciaire\u00a0\u00bb des manifestants arr\u00eat\u00e9s lors de la marche des \u00e9tudiants, mardi 8 octobre \u00e0 Alger. Il s\u2019agit de l\u2019\u00e9tudiant \u00e0 l\u2019USTHB, Fouad Bachene, et de cinq citoyens : Slimane Hamitouche, Amar Rokeiba, Noureddine Khimour, Lyes Rachid et Ali Mechoud.<\/p>\n<p>Les chefs d&rsquo;inculpation retenus contre eux sont, \u00ab attroupement non arm\u00e9 \u00bb, \u00ab d\u00e9sob\u00e9issance et atteinte \u00e0 l&rsquo;ordre public \u00bb.<\/p>\n<p>A l\u2019Est du pays, le jeune Amazigh Semmani vient d&rsquo;\u00eatre condamn\u00e9 par le juge du tribunal de Constantine \u00e0 un an de prison ferme pour \u00ab\u00a0profanation de l\u2019embl\u00e8me national\u00a0\u00bb. Son ami, Fentiche Ameziane, qui a \u00e9t\u00e9 arr\u00eat\u00e9 le m\u00eame jour, a \u00e9t\u00e9 acquitt\u00e9 par le m\u00eame tribunal, ce mercredi.<\/p>\n<p>Amazigh Semmani qui a d\u00e9j\u00e0 pass\u00e9 28 jours de d\u00e9tention provisoire est accus\u00e9 d&rsquo;atteinte \u00e0 l&rsquo;unit\u00e9 nationale et profanation de l&#8217;embl\u00e8me nationale.<\/p>\n<p>Il est \u00e0 noter que c\u2019est le premier d\u00e9tenu \u00e0 \u00eatre condamn\u00e9 officiellement depuis le d\u00e9but des arrestations de manifestants pacifiques.<\/p>\n<p class=\"c10\"><strong>Im\u00e8ne AMOKRANE<\/strong><\/p>\n<\/div>\n<p>Auteur:<br \/>\n<a href=\"https:\/\/www.liberte-algerie.com\/actualite\/mise-sous-controle-judiciaire-pour-six-manifestants-325664\">Cliquez ici pour lire l&rsquo;article depuis sa source.<\/a><\/p>\n","protected":false},"excerpt":{"rendered":"<p>Le juge d&rsquo;instruction du tribunal de Bainem (Bab El Oued) a d\u00e9cid\u00e9 cet apr\u00e8s-midi la \u00ab mise sous contr\u00f4le judiciaire\u00a0\u00bb des manifestants arr\u00eat\u00e9s lors de la marche des \u00e9tudiants, mardi 8 octobre \u00e0 Alger. Il s\u2019agit de l\u2019\u00e9tudiant \u00e0 l\u2019USTHB, Fouad Bachene, et de cinq citoyens : Slimane Hamitouche, Amar Rokeiba, Noureddine Khimour, Lyes Rachid [&hellip;]<\/p>\n","protected":false},"author":1742,"featured_media":0,"comment_status":"closed","ping_status":"closed","sticky":false,"template":"","format":"standard","meta":{"fifu_image_url":"","fifu_image_alt":"","footnotes":""},"categories":[73,53],"tags":[],"class_list":["post-63807","post","type-post","status-publish","format-standard","hentry","category-actualite","category-algerie"],"_links":{"self":[{"href":"https:\/\/linitiative.ca\/International\/wp-json\/wp\/v2\/posts\/63807","targetHints":{"allow":["GET"]}}],"collection":[{"href":"https:\/\/linitiative.ca\/International\/wp-json\/wp\/v2\/posts"}],"about":[{"href":"https:\/\/linitiative.ca\/International\/wp-json\/wp\/v2\/types\/post"}],"author":[{"embeddable":true,"href":"https:\/\/linitiative.ca\/International\/wp-json\/wp\/v2\/users\/1742"}],"replies":[{"embeddable":true,"href":"https:\/\/linitiative.ca\/International\/wp-json\/wp\/v2\/comments?post=63807"}],"version-history":[{"count":0,"href":"https:\/\/linitiative.ca\/International\/wp-json\/wp\/v2\/posts\/63807\/revisions"}],"wp:attachment":[{"href":"https:\/\/linitiative.ca\/International\/wp-json\/wp\/v2\/media?parent=63807"}],"wp:term":[{"taxonomy":"category","embeddable":true,"href":"https:\/\/linitiative.ca\/International\/wp-json\/wp\/v2\/categories?post=63807"},{"taxonomy":"post_tag","embeddable":true,"href":"https:\/\/linitiative.ca\/International\/wp-json\/wp\/v2\/tags?post=63807"}],"curies":[{"name":"wp","href":"https:\/\/api.w.org\/{rel}","templated":true}]}}