{"id":63810,"date":"2019-10-09T12:12:00","date_gmt":"2019-10-09T16:12:00","guid":{"rendered":"https:\/\/linitiative.ca\/International\/le-caman-exige-larret-de-la-repression-et-de-larbitraire-judiciaire\/"},"modified":"2019-10-09T12:12:00","modified_gmt":"2019-10-09T16:12:00","slug":"le-caman-exige-larret-de-la-repression-et-de-larbitraire-judiciaire","status":"publish","type":"post","link":"https:\/\/linitiative.ca\/International\/le-caman-exige-larret-de-la-repression-et-de-larbitraire-judiciaire\/","title":{"rendered":"Le CAMAN exige l\u2019arr\u00eat de la r\u00e9pression et de l\u2019arbitraire judiciaire"},"content":{"rendered":"<div id=\"originalText\" readability=\"59\">\n<p class=\"c10\">Le Collectif des amis du manifeste pour l\u2019Alg\u00e9rie nouvelle\u00a0(CAMAN) a d\u00e9nonc\u00e9, ce mercredi, \u00ab la r\u00e9pression\u00a0\u00a0et\u00a0\u00a0l\u2019abus judiciaire contre les citoyens engag\u00e9s\u00a0\u00a0dans la r\u00e9volution d\u00e9mocratique \u00bb et a appel\u00e9 \u00ab les Alg\u00e9riennes et les Alg\u00e9riens \u00e0 poursuivre pacifiquement\u00a0\u00a0la lutte pour l\u2019Etat civil, l\u2019Etat de Droit,\u00a0\u00a0la justice et les droits et libert\u00e9s \u00bb.<\/p>\n<p class=\"c10\">Dans une d\u00e9claration parvenue \u00e0 notre r\u00e9daction, le Collectif a d\u00e9clar\u00e9 que \u00ab ces interpellations et inculpations qui\u00a0\u00a0ciblent militant(e)s et citoyen(ne)s, en particulier dans la capitale \u00bb sont \u00ab la volont\u00e9 du pouvoir d\u2019annihiler l\u2019\u00e9cho international\u00a0\u00a0du soul\u00e8vement contre la dictature et la corruption \u00bb.<\/p>\n<p class=\"c10\">\u00ab Cette campagne de terreur vise \u00e0 imposer la farce \u00e9lectorale que le pouvoir\u00a0\u00a0projette d\u2019accomplir afin de restaurer l\u2019Ancien r\u00e9gime. C\u2019est l\u00e0 un projet insens\u00e9 qui ignore l\u2019ampleur de la d\u00e9termination populaire contre l\u2019autoritarisme et la corruption \u00bb, a signal\u00e9 le Collectif. Et de surench\u00e9rir\u00a0: \u00ab sans souci pour sa nature ill\u00e9gale et ill\u00e9gitime, le pouvoir de fait esquisse de nouvelles concessions \u00e9conomiques (Loi\u00a0\u00a0des finances et Ordonnance sur les hydrocarbures)\u00a0\u00a0au b\u00e9n\u00e9fice des puissances \u00e9trang\u00e8res\u00a0\u00a0dominantes dans le but \u00e9vident d\u2019acheter leur silence,\u00a0\u00a0voire leur complicit\u00e9. Le projet est l\u2019\u00e9crasement \u00e0 huis clos de la r\u00e9volution citoyenne \u00bb.<\/p>\n<p class=\"c10\">Face \u00e0 ces agissements, le CAMAN condamne cette \u00ab campagne de terreur \u00bb et exige la\u00a0\u00a0\u00ab lib\u00e9ration imm\u00e9diate et inconditionnelle de tous les d\u00e9tenus politiques ainsi que la lev\u00e9e de toutes les entraves aux droits et libert\u00e9s est une autre exigence \u00bb.<\/p>\n<p class=\"c11\"><strong>Sihem Benmalek<\/strong><\/p>\n<\/div>\n<div id=\"text_core\" readability=\"59\">\n<p class=\"c10\">Le Collectif des amis du manifeste pour l\u2019Alg\u00e9rie nouvelle\u00a0(CAMAN) a d\u00e9nonc\u00e9, ce mercredi, \u00ab la r\u00e9pression\u00a0\u00a0et\u00a0\u00a0l\u2019abus judiciaire contre les citoyens engag\u00e9s\u00a0\u00a0dans la r\u00e9volution d\u00e9mocratique \u00bb et a appel\u00e9 \u00ab les Alg\u00e9riennes et les Alg\u00e9riens \u00e0 poursuivre pacifiquement\u00a0\u00a0la lutte pour l\u2019Etat civil, l\u2019Etat de Droit,\u00a0\u00a0la justice et les droits et libert\u00e9s \u00bb.<\/p>\n<p class=\"c10\">Dans une d\u00e9claration parvenue \u00e0 notre r\u00e9daction, le Collectif a d\u00e9clar\u00e9 que \u00ab ces interpellations et inculpations qui\u00a0\u00a0ciblent militant(e)s et citoyen(ne)s, en particulier dans la capitale \u00bb sont \u00ab la volont\u00e9 du pouvoir d\u2019annihiler l\u2019\u00e9cho international\u00a0\u00a0du soul\u00e8vement contre la dictature et la corruption \u00bb.<\/p>\n<p class=\"c10\">\u00ab Cette campagne de terreur vise \u00e0 imposer la farce \u00e9lectorale que le pouvoir\u00a0\u00a0projette d\u2019accomplir afin de restaurer l\u2019Ancien r\u00e9gime. C\u2019est l\u00e0 un projet insens\u00e9 qui ignore l\u2019ampleur de la d\u00e9termination populaire contre l\u2019autoritarisme et la corruption \u00bb, a signal\u00e9 le Collectif. Et de surench\u00e9rir\u00a0: \u00ab sans souci pour sa nature ill\u00e9gale et ill\u00e9gitime, le pouvoir de fait esquisse de nouvelles concessions \u00e9conomiques (Loi\u00a0\u00a0des finances et Ordonnance sur les hydrocarbures)\u00a0\u00a0au b\u00e9n\u00e9fice des puissances \u00e9trang\u00e8res\u00a0\u00a0dominantes dans le but \u00e9vident d\u2019acheter leur silence,\u00a0\u00a0voire leur complicit\u00e9. Le projet est l\u2019\u00e9crasement \u00e0 huis clos de la r\u00e9volution citoyenne \u00bb.<\/p>\n<p class=\"c10\">Face \u00e0 ces agissements, le CAMAN condamne cette \u00ab campagne de terreur \u00bb et exige la\u00a0\u00a0\u00ab lib\u00e9ration imm\u00e9diate et inconditionnelle de tous les d\u00e9tenus politiques ainsi que la lev\u00e9e de toutes les entraves aux droits et libert\u00e9s est une autre exigence \u00bb.<\/p>\n<p class=\"c11\"><strong>Sihem Benmalek<\/strong><\/p>\n<\/div>\n<p>Auteur:<br \/>\n<a href=\"https:\/\/www.liberte-algerie.com\/actualite\/le-caman-exige-larret-de-la-repression-et-de-larbitraire-judiciaire-325663\">Cliquez ici pour lire l&rsquo;article depuis sa source.<\/a><\/p>\n","protected":false},"excerpt":{"rendered":"<p>Le Collectif des amis du manifeste pour l\u2019Alg\u00e9rie nouvelle\u00a0(CAMAN) a d\u00e9nonc\u00e9, ce mercredi, \u00ab la r\u00e9pression\u00a0\u00a0et\u00a0\u00a0l\u2019abus judiciaire contre les citoyens engag\u00e9s\u00a0\u00a0dans la r\u00e9volution d\u00e9mocratique \u00bb et a appel\u00e9 \u00ab les Alg\u00e9riennes et les Alg\u00e9riens \u00e0 poursuivre pacifiquement\u00a0\u00a0la lutte pour l\u2019Etat civil, l\u2019Etat de Droit,\u00a0\u00a0la justice et les droits et libert\u00e9s \u00bb. Dans une d\u00e9claration parvenue [&hellip;]<\/p>\n","protected":false},"author":1742,"featured_media":0,"comment_status":"closed","ping_status":"closed","sticky":false,"template":"","format":"standard","meta":{"fifu_image_url":"","fifu_image_alt":"","footnotes":""},"categories":[73,53],"tags":[],"class_list":["post-63810","post","type-post","status-publish","format-standard","hentry","category-actualite","category-algerie"],"_links":{"self":[{"href":"https:\/\/linitiative.ca\/International\/wp-json\/wp\/v2\/posts\/63810","targetHints":{"allow":["GET"]}}],"collection":[{"href":"https:\/\/linitiative.ca\/International\/wp-json\/wp\/v2\/posts"}],"about":[{"href":"https:\/\/linitiative.ca\/International\/wp-json\/wp\/v2\/types\/post"}],"author":[{"embeddable":true,"href":"https:\/\/linitiative.ca\/International\/wp-json\/wp\/v2\/users\/1742"}],"replies":[{"embeddable":true,"href":"https:\/\/linitiative.ca\/International\/wp-json\/wp\/v2\/comments?post=63810"}],"version-history":[{"count":0,"href":"https:\/\/linitiative.ca\/International\/wp-json\/wp\/v2\/posts\/63810\/revisions"}],"wp:attachment":[{"href":"https:\/\/linitiative.ca\/International\/wp-json\/wp\/v2\/media?parent=63810"}],"wp:term":[{"taxonomy":"category","embeddable":true,"href":"https:\/\/linitiative.ca\/International\/wp-json\/wp\/v2\/categories?post=63810"},{"taxonomy":"post_tag","embeddable":true,"href":"https:\/\/linitiative.ca\/International\/wp-json\/wp\/v2\/tags?post=63810"}],"curies":[{"name":"wp","href":"https:\/\/api.w.org\/{rel}","templated":true}]}}