{"id":63812,"date":"2019-10-08T18:34:18","date_gmt":"2019-10-08T22:34:18","guid":{"rendered":"https:\/\/linitiative.ca\/International\/la-caravane-innov-maroc-fait-escale-a-essaouira\/"},"modified":"2019-10-08T18:34:18","modified_gmt":"2019-10-08T22:34:18","slug":"la-caravane-innov-maroc-fait-escale-a-essaouira","status":"publish","type":"post","link":"https:\/\/linitiative.ca\/International\/la-caravane-innov-maroc-fait-escale-a-essaouira\/","title":{"rendered":"La Caravane \u00ab\u00a0Innov-Maroc\u00a0\u00bb fait escale \u00e0 Essaouira"},"content":{"rendered":"<div readability=\"40\">\n<p>Essaouira- La Caravane \u00ab\u00a0Innov-Maroc\u00a0\u00bb, un \u00e9v\u00e9nement articul\u00e9 autour d\u2019un appel \u00e0 projet d\u2019innovation ouvert au grand public, a fait escale, lundi \u00e0 l\u2019Ecole des Sciences et Techniques (EST) d\u2019Essaouira et ce, \u00e0 l\u2019initiative de la Fondation de Recherche, de D\u00e9veloppement et d\u2019Innovation en Sciences et Ing\u00e9nierie.<\/p>\n<\/div>\n<div readability=\"159\">\n<p>Cette initiative, qui b\u00e9n\u00e9ficie du concours d\u2019Essaouira\u00a0Innovation Territorial Lab (EITL) et de la province d\u2019Essaouira, se propose de mettre en lumi\u00e8re des projets qui peuvent \u00eatre soit une id\u00e9e, une initiative, un produit ou un service ayant pour objectif de r\u00e9soudre un probl\u00e8me de d\u00e9veloppement, de d\u00e9veloppement durable, ou l\u2019acc\u00e8s aux services au niveau de la cit\u00e9 des Aliz\u00e9s.<\/p>\n<p>Le lancement de cette Caravane, plac\u00e9e sous le signe \u00a0\u00bbCo-construire les territoires de demain, imaginer, d\u00e9velopper, innover, cr\u00e9er de la valeur p\u00e9renne, construire les cit\u00e9s de demain inclusives et solidaires\u00a0\u00bb, a eu lieu lors d\u2019une c\u00e9r\u00e9monie tenue en pr\u00e9sence notamment du gouverneur de la province d\u2019Essaouira, Adil El Maliki, de chefs des services ext\u00e9rieurs, d\u2019\u00e9lus, d\u2019enseignants et de chercheurs, d\u2019\u00e9tudiants ainsi que d\u2019autres personnalit\u00e9s.<\/p>\n<p>Dans une allocution de circonstance, M. El Maliki a mis en avant l\u2019importance de l\u2019EST en tant que noyau dur d\u2019une universit\u00e9 tant attendue au niveau de la province, notant que \u00ab\u00a0l\u2019innovation ne doit pas nous faire peur puisqu\u2019il s\u2019agit tout simplement d\u2019une solution technique \u00e0 un probl\u00e8me technique\u00a0\u00bb.<\/p>\n<p>Et de faire savoir que la ville d\u2019Essaouira, de par le nombre de projets qui y sont men\u00e9s actuellement, notamment celui de la R\u00e9habilitation de l\u2019ancienne m\u00e9dina ou encore de l\u2019assainissement comme celui de la reconfiguration de quartiers, peut servir d\u2019un excellent laboratoire pour mettre en oeuvre des solutions et des techniques innovantes.<\/p>\n<p>Il a, dans ce sens, plaid\u00e9 en faveur de la f\u00e9d\u00e9ration des efforts de tous pour mettre \u00e0 profit leurs expertises, cr\u00e9er des entreprises et innover, appelant les jeunes \u00e0 croire en leurs capacit\u00e9s, \u00e0 pers\u00e9v\u00e9rer sur la voie de l\u2019excellence et du s\u00e9rieux, et \u00e0 avoir le courage de travailler sans rel\u00e2che.<\/p>\n<p>Gr\u00e2ce \u00e0 la pertinence de cette initiative, lanc\u00e9e par la Fondation de Recherche, de D\u00e9veloppement et d\u2019Innovation en Sciences de l\u2019Ing\u00e9nierie, l\u2019INDH s\u2019y est associ\u00e9e au niveau provincial, s\u2019est f\u00e9licit\u00e9 le gouverneur, mettant en avant les Hautes Orientations de SM le Roi Mohammed VI relatives \u00e0 la 3\u00e8me Phase de ce chantier Royal ainsi que la Haute sollicitude dont le Souverain ne cesse d\u2019entourer les jeunes.<\/p>\n<p>Tout en \u00e9mettant le voeu de voir cette initiative se d\u00e9cliner en plusieurs projets concrets, M. El Maliki a r\u00e9it\u00e9r\u00e9 la d\u00e9termination de la province \u00e0 cr\u00e9er l\u2019\u00e9cosyst\u00e8me ad\u00e9quat \u00e0 l\u2019innovation et \u00e0 accompagner les diff\u00e9rentes initiatives \u00e9difiantes.<\/p>\n<p>De son c\u00f4t\u00e9, le professeur Hicham Medromi, d\u00e9l\u00e9gu\u00e9 du pr\u00e9sident de la Fondation de Recherche, de D\u00e9veloppement et d\u2019Innovation en Sciences et Ing\u00e9nierie, s\u2019est f\u00e9licit\u00e9 de la tenue de cette Caravane \u00e0\u00a0Essaouira, avant de donner un aper\u00e7u d\u00e9taill\u00e9 sur ladite Fondation qui se veut une plateforme de recherche, de formation, d\u2019innovation, de valorisation industrielle, et de transfert de technologies, mais aussi d\u2019accompagnement du processus d\u2019innovation dans la conduite de projets collaboratifs.<\/p>\n<p>\u00a0\u00bbAyant vu le jour le 23 mars 2016, la Fondation de Recherche, de D\u00e9veloppement et d\u2019Innovation en Sciences et Ing\u00e9nierie, qui intervient dans les domaines de recherche, d\u00e9veloppement et innovation, de la formation et prestation et d\u2019expertise et conseil, dispose de 25 partenaires et de 15 projets Recherche et D\u00e9veloppement\u00a0\u00bb, a-t-il pr\u00e9cis\u00e9.<\/p>\n<p>Le directeur de l\u2019EST d\u2019Essaouira, Bela\u00efd Bougadir, a mis en relief, quant \u00e0 lui, la pertinence de cette initiative d\u2019innovation qui r\u00e9unit des id\u00e9es d\u2019horizons divers, rassembl\u00e9es par la volont\u00e9 de cr\u00e9er des start-up afin de trouver des r\u00e9ponses concert\u00e9es \u00e0 des fragilit\u00e9s ou \u00e0 des probl\u00e9matiques territoriales d\u2019Essaouira.<\/p>\n<p>N\u00e9e de l\u2019initiative de plusieurs parties, cette action se veut une opportunit\u00e9 ouverte aux porteurs de projets, permettant d\u2019avoir un accompagnement dans les \u00e9tapes de pr\u00e9-cr\u00e9ation d\u2019entreprise et d\u2019avoir des formations en Soft Skills et management de projet, a-t-il expliqu\u00e9.<\/p>\n<p>Et de faire remarquer que le d\u00e9veloppement d\u2019une r\u00e9gion est une responsabilit\u00e9 partag\u00e9e, relevant que les r\u00e9cents d\u00e9veloppements de la province et de la ville d\u2019Essaouira\u00a0sont le r\u00e9sultat de la conjugaison des efforts de tous pour relever les d\u00e9fis qui s\u2019imposent et apporter les solutions les plus appropri\u00e9es.<\/p>\n<p>Cette initiative est \u00e0 m\u00eame de contribuer \u00e0 la valorisation de l\u2019entrepreneuriat, a-t-il estim\u00e9, rappelant que l\u2019EST d\u2019Essaouira, seule composante universitaire de la province, est une partie prenante qui abrite \u00ab\u00a0la Junior entreprise\u00a0\u00bb ayant d\u00e9j\u00e0 commenc\u00e9 \u00e0 formuler des propositions de solutions pour les acteurs de la cit\u00e9 des Aliz\u00e9s, a-t-il conclu.<\/p>\n<\/div>\n<p>Auteur: Mohammed KOURSI<br \/>\n<a href=\"http:\/\/www.mapmarrakech.ma\/fr\/la-caravane-innov-maroc-fait-escale-a-essaouira\/\">Cliquez ici pour lire l&rsquo;article depuis sa source.<\/a><\/p>\n","protected":false},"excerpt":{"rendered":"<p>Essaouira- La Caravane \u00ab\u00a0Innov-Maroc\u00a0\u00bb, un \u00e9v\u00e9nement articul\u00e9 autour d\u2019un appel \u00e0 projet d\u2019innovation ouvert au grand public, a fait escale, lundi \u00e0 l\u2019Ecole des Sciences et Techniques (EST) d\u2019Essaouira et ce, \u00e0 l\u2019initiative de la Fondation de Recherche, de D\u00e9veloppement et d\u2019Innovation en Sciences et Ing\u00e9nierie. Cette initiative, qui b\u00e9n\u00e9ficie du concours d\u2019Essaouira\u00a0Innovation Territorial Lab [&hellip;]<\/p>\n","protected":false},"author":1788,"featured_media":0,"comment_status":"closed","ping_status":"closed","sticky":false,"template":"","format":"standard","meta":{"fifu_image_url":"","fifu_image_alt":"","footnotes":""},"categories":[54,76],"tags":[],"class_list":["post-63812","post","type-post","status-publish","format-standard","hentry","category-maroc","category-regions"],"_links":{"self":[{"href":"https:\/\/linitiative.ca\/International\/wp-json\/wp\/v2\/posts\/63812","targetHints":{"allow":["GET"]}}],"collection":[{"href":"https:\/\/linitiative.ca\/International\/wp-json\/wp\/v2\/posts"}],"about":[{"href":"https:\/\/linitiative.ca\/International\/wp-json\/wp\/v2\/types\/post"}],"author":[{"embeddable":true,"href":"https:\/\/linitiative.ca\/International\/wp-json\/wp\/v2\/users\/1788"}],"replies":[{"embeddable":true,"href":"https:\/\/linitiative.ca\/International\/wp-json\/wp\/v2\/comments?post=63812"}],"version-history":[{"count":0,"href":"https:\/\/linitiative.ca\/International\/wp-json\/wp\/v2\/posts\/63812\/revisions"}],"wp:attachment":[{"href":"https:\/\/linitiative.ca\/International\/wp-json\/wp\/v2\/media?parent=63812"}],"wp:term":[{"taxonomy":"category","embeddable":true,"href":"https:\/\/linitiative.ca\/International\/wp-json\/wp\/v2\/categories?post=63812"},{"taxonomy":"post_tag","embeddable":true,"href":"https:\/\/linitiative.ca\/International\/wp-json\/wp\/v2\/tags?post=63812"}],"curies":[{"name":"wp","href":"https:\/\/api.w.org\/{rel}","templated":true}]}}