{"id":63813,"date":"2019-10-09T05:21:33","date_gmt":"2019-10-09T09:21:33","guid":{"rendered":"https:\/\/linitiative.ca\/International\/ladministration-fiscale-pilier-des-politiques-publiques\/"},"modified":"2019-10-09T05:21:33","modified_gmt":"2019-10-09T09:21:33","slug":"ladministration-fiscale-pilier-des-politiques-publiques","status":"publish","type":"post","link":"https:\/\/linitiative.ca\/International\/ladministration-fiscale-pilier-des-politiques-publiques\/","title":{"rendered":"L\u2019administration fiscale, pilier des politiques publiques"},"content":{"rendered":"<div readability=\"39\">\n<p>Marrakech- L\u2019administration fiscale constitue la base des politiques publiques efficaces et repr\u00e9sente un \u00e9l\u00e9ment important pour la mise en \u0153uvre des politiques publiques efficientes, a affirm\u00e9 mardi, \u00e0 Marrakech, le secr\u00e9taire ex\u00e9cutif du Centre inter-am\u00e9ricain des administrations fiscales (CIAT), Marcio Ferreira Verdi.<\/p>\n<\/div>\n<div readability=\"91\">\n<p>Une politique \u00e9conomique efficace reste tributaire d\u2019une politique et d\u2019une administration fiscale efficaces,\u00a0a-t-il ajout\u00e9 \u00e0 la c\u00e9r\u00e9monie d\u2019ouverture des travaux de la Conf\u00e9rence technique du CIAT (CIAT Morocco 2019), dont le d\u00e9bat porte cette ann\u00e9e sur la relation entre la fiscalit\u00e9 et le d\u00e9veloppement.<\/p>\n<p>Les administrations fiscales sont les prometteurs du d\u00e9veloppement, a-t-il insist\u00e9, relevant que la r\u00e9forme des syst\u00e8mes fiscaux est de nature \u00e0 favoriser le d\u00e9veloppement, drainer les investissements, cr\u00e9er des emplois et \u00e9radiquer la pauvret\u00e9.<\/p>\n<p>Dans le m\u00eame ordre d\u2019id\u00e9es, la premi\u00e8re assistante, cheffe du Bureau national d\u2019administration des imp\u00f4ts (ONAT-Cuba), dont le pays assure la Pr\u00e9sidence du Conseil Ex\u00e9cutif du CIAT, Mme Yoandra Cruz Dovales, a mis l\u2019accent sur le lien entre efficacit\u00e9 des politiques fiscales, l\u2019utilisation des nouvelles technologies digitales et m\u00e9canismes d\u2019\u00e9changes d\u2019informations, relevant que la gestion fiscale efficace peut \u00eatre synonyme de progr\u00e8s.<\/p>\n<p>Mme Cruz Dovales a en outre, indiqu\u00e9 que cette rencontre abordera des questions majeures telles que le transfert des b\u00e9n\u00e9fices, l\u2019\u00e9change des informations, r\u00e8glement des diff\u00e9rends, l\u2019imposition du num\u00e9rique mais aussi l\u2019efficacit\u00e9 de l\u2019administration dans la mobilisation des ressources publiques, l\u2019am\u00e9lioration de la gestion de l\u2019imp\u00f4t, du recouvrement et la lutte contre la fraude et l\u2019informel et l\u2019utilisation des nouvelles technologies et de la Big Data.<\/p>\n<p>Organis\u00e9e jusqu\u2019au 10 octobre courant sous le th\u00e8me \u00ab\u00a0administration fiscale et d\u00e9veloppement\u00a0\u00bb, CIAT Morocco 2019 est ax\u00e9e sur trois th\u00e9matiques \u00e0 savoir la mobilisation des ressources nationales, l\u2019attraction des investissements dans le nouveau contexte de la gouvernance fiscale internationale et l\u2019efficacit\u00e9 de l\u2019administration fiscale pour le d\u00e9veloppement.<\/p>\n<p>Fond\u00e9 en 1967, le CIAT est un organisme public international \u00e0 but non lucratif, qui offre \u00e0 ses membres une plateforme de discussion et d\u2019\u00e9change d\u2019exp\u00e9riences en mati\u00e8re fiscale.<\/p>\n<p>Il comprend actuellement 42 \u00c9tats membres et associ\u00e9s dont 32 \u00c9tats am\u00e9ricains, 5 \u00c9tats europ\u00e9ens, 4 \u00c9tats africains et 1 \u00c9tat asiatique.<\/p>\n<p>La Conf\u00e9rence Technique repr\u00e9sente pour les membres du CIAT, une opportunit\u00e9 de se rassembler et d\u2019\u00e9changer sur diff\u00e9rents aspects li\u00e9s aux questions de la fiscalit\u00e9 nationale, r\u00e9gionale et internationale.<\/p>\n<\/div>\n<p>Auteur: Mohammed KOURSI<br \/>\n<a href=\"http:\/\/www.mapmarrakech.ma\/fr\/une-administration-fiscale-efficace-pilier-des-politiques-publiques\/\">Cliquez ici pour lire l&rsquo;article depuis sa source.<\/a><\/p>\n","protected":false},"excerpt":{"rendered":"<p>Marrakech- L\u2019administration fiscale constitue la base des politiques publiques efficaces et repr\u00e9sente un \u00e9l\u00e9ment important pour la mise en \u0153uvre des politiques publiques efficientes, a affirm\u00e9 mardi, \u00e0 Marrakech, le secr\u00e9taire ex\u00e9cutif du Centre inter-am\u00e9ricain des administrations fiscales (CIAT), Marcio Ferreira Verdi. Une politique \u00e9conomique efficace reste tributaire d\u2019une politique et d\u2019une administration fiscale efficaces,\u00a0a-t-il [&hellip;]<\/p>\n","protected":false},"author":1788,"featured_media":0,"comment_status":"closed","ping_status":"closed","sticky":false,"template":"","format":"standard","meta":{"fifu_image_url":"","fifu_image_alt":"","footnotes":""},"categories":[54,76],"tags":[],"class_list":["post-63813","post","type-post","status-publish","format-standard","hentry","category-maroc","category-regions"],"_links":{"self":[{"href":"https:\/\/linitiative.ca\/International\/wp-json\/wp\/v2\/posts\/63813","targetHints":{"allow":["GET"]}}],"collection":[{"href":"https:\/\/linitiative.ca\/International\/wp-json\/wp\/v2\/posts"}],"about":[{"href":"https:\/\/linitiative.ca\/International\/wp-json\/wp\/v2\/types\/post"}],"author":[{"embeddable":true,"href":"https:\/\/linitiative.ca\/International\/wp-json\/wp\/v2\/users\/1788"}],"replies":[{"embeddable":true,"href":"https:\/\/linitiative.ca\/International\/wp-json\/wp\/v2\/comments?post=63813"}],"version-history":[{"count":0,"href":"https:\/\/linitiative.ca\/International\/wp-json\/wp\/v2\/posts\/63813\/revisions"}],"wp:attachment":[{"href":"https:\/\/linitiative.ca\/International\/wp-json\/wp\/v2\/media?parent=63813"}],"wp:term":[{"taxonomy":"category","embeddable":true,"href":"https:\/\/linitiative.ca\/International\/wp-json\/wp\/v2\/categories?post=63813"},{"taxonomy":"post_tag","embeddable":true,"href":"https:\/\/linitiative.ca\/International\/wp-json\/wp\/v2\/tags?post=63813"}],"curies":[{"name":"wp","href":"https:\/\/api.w.org\/{rel}","templated":true}]}}