{"id":63814,"date":"2019-10-09T12:18:06","date_gmt":"2019-10-09T16:18:06","guid":{"rendered":"https:\/\/linitiative.ca\/International\/la-ratification-par-le-maroc-du-statut-de-la-cpi-en-debats\/"},"modified":"2019-10-09T12:18:06","modified_gmt":"2019-10-09T16:18:06","slug":"la-ratification-par-le-maroc-du-statut-de-la-cpi-en-debats","status":"publish","type":"post","link":"https:\/\/linitiative.ca\/International\/la-ratification-par-le-maroc-du-statut-de-la-cpi-en-debats\/","title":{"rendered":"La ratification par le Maroc du statut de la CPI en d\u00e9bats"},"content":{"rendered":"<div readability=\"39\">\n<p>Marrakech- Les participants \u00e0 une conf\u00e9rence nationale organis\u00e9e, vendredi le 4 octobre \u00e0 Marrakech, sous le th\u00e8me \u00ab\u00a0Ratification par le Maroc du statut de la Cour p\u00e9nale internationale : dimensions, opportunit\u00e9s et risques\u00a0\u00bb, ont \u00e9t\u00e9 unanimes \u00e0 souligner que le Royaume a toujours soutenu l\u2019importance de cette institution judiciaire et la centralit\u00e9 de son r\u00f4le dans la consolidation de la paix et de la s\u00e9curit\u00e9 internationales et la cons\u00e9cration du respect des droits de l\u2019Homme.<\/p>\n<\/div>\n<div readability=\"81\">\n<p>Lors de cette rencontre, initi\u00e9e par le Centre afro-m\u00e9diterran\u00e9en des \u00e9tudes strat\u00e9giques et du d\u00e9veloppement durable \u00ab\u00a0Afromed\u00a0\u00bb, en partenariat notamment avec la facult\u00e9 des sciences juridiques, \u00e9conomiques et sociales relevant de l\u2019Universit\u00e9 Cadi Ayyad de Marrakech, le bureau central de l\u2019Amicale Hassania des magistrats et le Laboratoire des \u00e9tudes juridiques et d\u2019analyse des politiques, les intervenants ont affirm\u00e9 que le Maroc a \u00e9t\u00e9 parmi les Etats ayant soutenu la mise en place d\u2019une Cour p\u00e9nale internationale (CPI) permanente et ind\u00e9pendante \u00e0 l\u2019occasion de la Conf\u00e9rence de Rome en 1998.<\/p>\n<p>Les diff\u00e9rents intervenants ont indiqu\u00e9 que plusieurs pays, dont le Maroc, \u00e9mettent des r\u00e9serves quant \u00e0 la ratification du statut de ladite Cour, en ce sens qu\u2019il est, tout particuli\u00e8rement, incompatible avec les principes de la souverainet\u00e9 de la justice nationale, relevant que\u00a0l\u2019obstacle auquel est confront\u00e9e la CPI est celui du respect du principe de la souverainet\u00e9 des Etats, de la non-ing\u00e9rence dans leurs affaires internes, ainsi que du principe selon lequel le traitement des crimes commis sur le territoire d\u2019un pays rel\u00e8ve de la comp\u00e9tence des juridictions nationales.<\/p>\n<p>Ils ont, dans ce sens, insist\u00e9 sur la n\u00e9cessit\u00e9 de trouver des solutions et des propositions combinant la pr\u00e9servation du principe de la souverainet\u00e9 des Etats, d\u2019une part, et la supr\u00e9matie du droit international humanitaire et des droits de l\u2019Homme, de l\u2019autre.<\/p>\n<p>Et de soutenir que le Royaume est d\u00e9termin\u00e9 \u00e0 consolider l\u2019\u00e9difice d\u00e9mocratique, \u00e0 consacrer l\u2019Etat de Droit et \u00e0 promouvoir les droits de l\u2019Homme, comme en t\u00e9moigne l\u2019article 23 de la Constitution qui stipule que \u00ab\u00a0le g\u00e9nocide et tous autres crimes contre l\u2019humanit\u00e9, les crimes de guerre et toutes les violations graves et syst\u00e9matiques des droits de l\u2019Homme sont punis par la loi\u00a0\u00bb.<\/p>\n<p>Les participants \u00e0 cette conf\u00e9rence ont aussi pr\u00e9cis\u00e9 que la protection des droits humains ne demeure pas sujette \u00e0 la ratification par le Maroc du statut de Rome de la CPI, expliquant que la l\u00e9gislation marocaine comprend une batterie de dispositions juridiques et r\u00e9pressives susceptibles de sanctionner de tels crimes.<\/p>\n<p>Et de conclure que le Royaume est fortement engag\u00e9 \u00e0 travers l\u2019ensemble de ses institutions juridiques et constitutionnelles \u00e0 consolider les acquis en mati\u00e8re de protection des droits de l\u2019Homme et de d\u00e9fense du Droit international humanitaire comme le refl\u00e8te la ratification par le Maroc de plusieurs Conventions et Trait\u00e9s internationaux y aff\u00e9rents.<\/p>\n<\/div>\n<p>Auteur: Mohammed KOURSI<br \/>\n<a href=\"http:\/\/www.mapmarrakech.ma\/fr\/la-ratification-par-le-maroc-du-statut-de-la-cpi-en-debats\/\">Cliquez ici pour lire l&rsquo;article depuis sa source.<\/a><\/p>\n","protected":false},"excerpt":{"rendered":"<p>Marrakech- Les participants \u00e0 une conf\u00e9rence nationale organis\u00e9e, vendredi le 4 octobre \u00e0 Marrakech, sous le th\u00e8me \u00ab\u00a0Ratification par le Maroc du statut de la Cour p\u00e9nale internationale : dimensions, opportunit\u00e9s et risques\u00a0\u00bb, ont \u00e9t\u00e9 unanimes \u00e0 souligner que le Royaume a toujours soutenu l\u2019importance de cette institution judiciaire et la centralit\u00e9 de son r\u00f4le [&hellip;]<\/p>\n","protected":false},"author":1788,"featured_media":0,"comment_status":"closed","ping_status":"closed","sticky":false,"template":"","format":"standard","meta":{"fifu_image_url":"","fifu_image_alt":"","footnotes":""},"categories":[54,76],"tags":[],"class_list":["post-63814","post","type-post","status-publish","format-standard","hentry","category-maroc","category-regions"],"_links":{"self":[{"href":"https:\/\/linitiative.ca\/International\/wp-json\/wp\/v2\/posts\/63814","targetHints":{"allow":["GET"]}}],"collection":[{"href":"https:\/\/linitiative.ca\/International\/wp-json\/wp\/v2\/posts"}],"about":[{"href":"https:\/\/linitiative.ca\/International\/wp-json\/wp\/v2\/types\/post"}],"author":[{"embeddable":true,"href":"https:\/\/linitiative.ca\/International\/wp-json\/wp\/v2\/users\/1788"}],"replies":[{"embeddable":true,"href":"https:\/\/linitiative.ca\/International\/wp-json\/wp\/v2\/comments?post=63814"}],"version-history":[{"count":0,"href":"https:\/\/linitiative.ca\/International\/wp-json\/wp\/v2\/posts\/63814\/revisions"}],"wp:attachment":[{"href":"https:\/\/linitiative.ca\/International\/wp-json\/wp\/v2\/media?parent=63814"}],"wp:term":[{"taxonomy":"category","embeddable":true,"href":"https:\/\/linitiative.ca\/International\/wp-json\/wp\/v2\/categories?post=63814"},{"taxonomy":"post_tag","embeddable":true,"href":"https:\/\/linitiative.ca\/International\/wp-json\/wp\/v2\/tags?post=63814"}],"curies":[{"name":"wp","href":"https:\/\/api.w.org\/{rel}","templated":true}]}}