{"id":63817,"date":"2019-10-09T11:13:48","date_gmt":"2019-10-09T15:13:48","guid":{"rendered":"https:\/\/linitiative.ca\/International\/mila-acclimatation-du-faisan-commun-en-milieu-forestier-de-hamala\/"},"modified":"2019-10-09T11:13:48","modified_gmt":"2019-10-09T15:13:48","slug":"mila-acclimatation-du-faisan-commun-en-milieu-forestier-de-hamala","status":"publish","type":"post","link":"https:\/\/linitiative.ca\/International\/mila-acclimatation-du-faisan-commun-en-milieu-forestier-de-hamala\/","title":{"rendered":"Mila : acclimatation du faisan commun en milieu forestier de Hamala"},"content":{"rendered":"<p><span class=\"sp-nh-title\">Salon de la femme au foyer productrice: des artisanes en qu\u00eate de commercialisation\u00a0<\/span> &#8211; <span class=\"sp-nh-date\">mercredi 9 octobre 2019 18:42<\/span><\/p>\n<p><span class=\"sp-nh-title\">Valorisation des d\u00e9chets: une activit\u00e9 naissante, mais porteuse et prometteuse pour les jeunes investisseurs<\/span> &#8211; <span class=\"sp-nh-date\">mercredi 9 octobre 2019 18:31<\/span><\/p>\n<p><span class=\"sp-nh-title\">Danone Nations Cup: l\u2019\u00e9quipe scolaire de Jijel repr\u00e9sentera l&rsquo;Alg\u00e9rie<\/span> &#8211; <span class=\"sp-nh-date\">mercredi 9 octobre 2019 18:24<\/span><\/p>\n<p><span class=\"sp-nh-title\">Le ministre des Affaires \u00e9trang\u00e8res turc salue le r\u00f4le important de l&rsquo;Alg\u00e9rie dans la r\u00e9gion \u00a0<\/span> &#8211; <span class=\"sp-nh-date\">mercredi 9 octobre 2019 18:24<\/span><\/p>\n<p><span class=\"sp-nh-title\">L&rsquo;ambassadeur y\u00e9m\u00e9nite salue la position de l&rsquo;Alg\u00e9rie \u00e0 l&rsquo;\u00e9gard de la crise au Y\u00e9men<\/span> &#8211; <span class=\"sp-nh-date\">mercredi 9 octobre 2019 18:14<\/span><\/p>\n<p><span class=\"sp-nh-title\">L&rsquo;UGTA pr\u00f4ne le passage \u00e0 une autre \u00e9tape politique pour relancer l\u2019\u00e9conomie nationale<\/span> &#8211; <span class=\"sp-nh-date\">mercredi 9 octobre 2019 18:03<\/span><\/p>\n<p><span class=\"sp-nh-title\">R\u00e9seau France: Air Alg\u00e9rie la plus ponctuelle des compagnies maghr\u00e9bines\u00a0<\/span> &#8211; <span class=\"sp-nh-date\">mercredi 9 octobre 2019 17:44<\/span><\/p>\n<p><span class=\"sp-nh-title\">Bedoui re\u00e7oit le ministre des Affaires \u00e9trang\u00e8res turc \u00a0<\/span> &#8211; <span class=\"sp-nh-date\">mercredi 9 octobre 2019 17:37<\/span><\/p>\n<p><span class=\"sp-nh-title\">Foot : Nsengi-Biembe se r\u00e9jouit d&rsquo;affronter une \u00e9quipe prestigieuse comme l&rsquo;Alg\u00e9rie<\/span> &#8211; <span class=\"sp-nh-date\">mercredi 9 octobre 2019 17:34<\/span><\/p>\n<p><span class=\"sp-nh-title\">Football\/Alg\u00e9rie &#8211; RDC (amical) : faible engouement pour l\u2019achat des billets du match<\/span> &#8211; <span class=\"sp-nh-date\">mercredi 9 octobre 2019 17:23<\/span><\/p>\n<p><span class=\"sp-nh-title\">L&rsquo;ANP r\u00e9affirme son attachement \u00e0 l&rsquo;organisation de l&rsquo;\u00e9lection pr\u00e9sidentielle dans le d\u00e9lai fix\u00e9\u00a0<\/span> &#8211; <span class=\"sp-nh-date\">mercredi 9 octobre 2019 17:19<\/span><\/p>\n<p><span class=\"sp-nh-title\">Produits alg\u00e9riens : des avanc\u00e9es qualitatives et des perspectives pour les exportations<\/span> &#8211; <span class=\"sp-nh-date\">mercredi 9 octobre 2019 17:14<\/span><\/p>\n<p><span class=\"sp-nh-title\">Produits agricoles: les africains doivent se doter de leurs propres normes pour booster les \u00e9changes commerciaux<\/span> &#8211; <span class=\"sp-nh-date\">mercredi 9 octobre 2019 16:44<\/span><\/p>\n<p><span class=\"sp-nh-title\">La police judiciaire de Ch\u00e9raga d\u00e9mant\u00e8le un r\u00e9seau sp\u00e9cialis\u00e9 dans la contrebande internationale de tabac<\/span> &#8211; <span class=\"sp-nh-date\">mercredi 9 octobre 2019 16:31<\/span><\/p>\n<p><span class=\"sp-nh-title\">Ouargla: cr\u00e9ation d\u2019une cellule d\u2019\u00e9coute et de conseil au centre culturel islamique<\/span> &#8211; <span class=\"sp-nh-date\">mercredi 9 octobre 2019 16:28<\/span><\/p>\n<p><span class=\"sp-nh-title\">Mila : acclimatation du faisan commun en milieu forestier de Hamala<\/span> &#8211; <span class=\"sp-nh-date\">mercredi 9 octobre 2019 16:13<\/span><\/p>\n<p><span class=\"sp-nh-title\">Le peintre Hachemi Ameur expose \u00e0 Alger ses Carnets de voyages 2<\/span> &#8211; <span class=\"sp-nh-date\">mercredi 9 octobre 2019 15:45<\/span><\/p>\n<p><span class=\"sp-nh-title\">L&rsquo;APS signe un m\u00e9morandum d&rsquo;entente et une convention de coop\u00e9ration avec CNA et FENA<\/span> &#8211; <span class=\"sp-nh-date\">mercredi 9 octobre 2019 15:43<\/span><\/p>\n<p><span class=\"sp-nh-title\">ANEM de Blida : plus de 10.000 placements depuis le d\u00e9but de l\u2019ann\u00e9e<\/span> &#8211; <span class=\"sp-nh-date\">mercredi 9 octobre 2019 15:39<\/span><\/p>\n<p><span class=\"sp-nh-title\">Aviron\/JO-2020: les rameurs alg\u00e9riens \u00e0 l&rsquo;assaut des places qualificatives \u00e0 Tunis<\/span> &#8211; <span class=\"sp-nh-date\">mercredi 9 octobre 2019 15:31<\/span><\/p>\n<p>Auteur:<br \/>\n<a href=\"http:\/\/www.aps.dz\/regions\/95456-mila-acclimatation-du-faisan-commun-en-milieu-forestier-de-hamala\">Cliquez ici pour lire l&rsquo;article depuis sa source.<\/a><\/p>\n","protected":false},"excerpt":{"rendered":"<p>Salon de la femme au foyer productrice: des artisanes en qu\u00eate de commercialisation\u00a0 &#8211; mercredi 9 octobre 2019 18:42 Valorisation des d\u00e9chets: une activit\u00e9 naissante, mais porteuse et prometteuse pour les jeunes investisseurs &#8211; mercredi 9 octobre 2019 18:31 Danone Nations Cup: l\u2019\u00e9quipe scolaire de Jijel repr\u00e9sentera l&rsquo;Alg\u00e9rie &#8211; mercredi 9 octobre 2019 18:24 Le [&hellip;]<\/p>\n","protected":false},"author":1790,"featured_media":0,"comment_status":"closed","ping_status":"closed","sticky":false,"template":"","format":"standard","meta":{"fifu_image_url":"","fifu_image_alt":"","footnotes":""},"categories":[53,76],"tags":[],"class_list":["post-63817","post","type-post","status-publish","format-standard","hentry","category-algerie","category-regions"],"_links":{"self":[{"href":"https:\/\/linitiative.ca\/International\/wp-json\/wp\/v2\/posts\/63817","targetHints":{"allow":["GET"]}}],"collection":[{"href":"https:\/\/linitiative.ca\/International\/wp-json\/wp\/v2\/posts"}],"about":[{"href":"https:\/\/linitiative.ca\/International\/wp-json\/wp\/v2\/types\/post"}],"author":[{"embeddable":true,"href":"https:\/\/linitiative.ca\/International\/wp-json\/wp\/v2\/users\/1790"}],"replies":[{"embeddable":true,"href":"https:\/\/linitiative.ca\/International\/wp-json\/wp\/v2\/comments?post=63817"}],"version-history":[{"count":0,"href":"https:\/\/linitiative.ca\/International\/wp-json\/wp\/v2\/posts\/63817\/revisions"}],"wp:attachment":[{"href":"https:\/\/linitiative.ca\/International\/wp-json\/wp\/v2\/media?parent=63817"}],"wp:term":[{"taxonomy":"category","embeddable":true,"href":"https:\/\/linitiative.ca\/International\/wp-json\/wp\/v2\/categories?post=63817"},{"taxonomy":"post_tag","embeddable":true,"href":"https:\/\/linitiative.ca\/International\/wp-json\/wp\/v2\/tags?post=63817"}],"curies":[{"name":"wp","href":"https:\/\/api.w.org\/{rel}","templated":true}]}}