{"id":63820,"date":"2019-10-08T17:46:56","date_gmt":"2019-10-08T21:46:56","guid":{"rendered":"https:\/\/linitiative.ca\/International\/ouverture-de-la-saison-de-chasse-2019-2020\/"},"modified":"2019-10-08T17:46:56","modified_gmt":"2019-10-08T21:46:56","slug":"ouverture-de-la-saison-de-chasse-2019-2020","status":"publish","type":"post","link":"https:\/\/linitiative.ca\/International\/ouverture-de-la-saison-de-chasse-2019-2020\/","title":{"rendered":"Ouverture de la saison de chasse 2019-2020"},"content":{"rendered":"<p class=\"c1\">Le coup d\u2019envoi officiel de la saison de chasse 2019-2020 au niveau de la r\u00e9gion de l\u2019Oriental a \u00e9t\u00e9 donn\u00e9, dimanche, dans un terrain de chasse situ\u00e9 dans la province de Jerada.<\/p>\n<p class=\"c1\">Ce lot, d\u2019une superficie de 1.700 ha est amodi\u00e9 \u00e0 l\u2019association Angad pour la chasse, l\u2019une des quatre associations sp\u00e9cialis\u00e9es pr\u00e9sentes sur le territoire de la province de Jerada et qui exploitent au total une superficie de pr\u00e8s de 10.000 ha.<\/p>\n<p class=\"c1\">Dans une d\u00e9claration \u00e0 la presse \u00e0 cette occasion, Mohamed El Khalloufi, Chef du service du partenariat pour la conservation et le d\u00e9veloppement des ressources naturelles \u00e0 la Direction r\u00e9gionale des Eaux et for\u00eats de l\u2019Oriental, a indiqu\u00e9 que la direction r\u00e9gionale a \u0153uvr\u00e9 pour assurer la r\u00e9ussite de la nouvelle saison de chasse en organisant des ateliers et rencontres de communication et de sensibilisation avec les chasseurs, pour rappeler les dispositions l\u00e9gales r\u00e9gissant la chasse.<\/p>\n<p class=\"c1\">La direction r\u00e9gionale proc\u00e8de \u00e9galement au contr\u00f4le des r\u00e9serves, \u00e0 la lutte contre le braconnage et \u00e0 la mise en place des signal\u00e9tiques dans les terrains amodi\u00e9s, a-t-il ajout\u00e9.<\/p>\n<p class=\"c1\">M. El Khalloufi a, en outre, soulign\u00e9 que la strat\u00e9gie du d\u00e9partement des Eaux et for\u00eats en mati\u00e8re de lutte contre le braconnage s\u2019articule autour de trois axes, en particulier l\u2019encouragement de l\u2019amodiation des terrains au profit des associations de chasse et des entreprises touristiques.<\/p>\n<p class=\"c1\">La r\u00e9gion de l\u2019Oriental compte \u00e0 cet effet 74 r\u00e9serves de chasse amodi\u00e9es, dont 72 amodi\u00e9es \u00e0 des associations et les deux autres \u00e0 des soci\u00e9t\u00e9s de chasse touristique.<\/p>\n<p class=\"c1\">Le deuxi\u00e8me axe consiste en la cr\u00e9ation d\u2019unit\u00e9s de suivi et de contr\u00f4le des ressources cyn\u00e9g\u00e9tiques, alors que le troisi\u00e8me concerne le volet juridique, \u00e0 l\u2019exemple de la loi 29-05 relative \u00e0 la protection de la faune et de la flore menac\u00e9e d\u2019extinction et la lutte contre la commercialisation de ces esp\u00e8ces.<\/p>\n<p class=\"c1\">De son c\u00f4t\u00e9, le directeur provincial des Eaux et for\u00eats et de la lutte contre la d\u00e9sertification \u00e0 Jerada, Youssef Zadane, a soulign\u00e9 que le lancement de la saison de chasse a \u00e9t\u00e9 pr\u00e9c\u00e9d\u00e9 par les mesures de contr\u00f4le habituelles, notamment le contr\u00f4le des permis de port d\u2019arme, des permis de chasse, des documents de la F\u00e9d\u00e9ration royale marocaine de chasse et de l\u2019association amodiataire ainsi que des polices d\u2019assurance.<\/p>\n<p class=\"c1\">Le coup d\u2019envoi de cette saison a \u00e9t\u00e9 \u00e9galement pr\u00e9c\u00e9d\u00e9 par l\u2019organisation de rencontres et ateliers de sensibilisation des chasseurs aux r\u00e8glements en cours concernant les p\u00e9riodes de chasse autoris\u00e9es et le nombre de gibier autoris\u00e9 pour chaque chasseur, a-t-il relev\u00e9.<\/p>\n<p class=\"c1\">A noter que l\u2019ouverture de la chasse concerne toutes les esp\u00e8ces de gibiers exception faite de la tourterelle, gibier migrateur, dont l\u2019ouverture g\u00e9n\u00e9rale de la chasse est fix\u00e9e au 18 juillet 2020.<\/p>\n<p class=\"c1\">Le nombre maximal de pi\u00e8ces de gibier qu\u2019un chasseur peut abattre au cours d\u2019une m\u00eame journ\u00e9e de chasse est fix\u00e9 \u00e0 quatre perdrix, un li\u00e8vre, cinq lapins et vingt unit\u00e9s parmi les autres esp\u00e8ces de gibier d\u2019eau autoris\u00e9es.<\/p>\n<p>Auteur: Soufiane ELAHMAR<br \/>\n<a href=\"http:\/\/www.mapoujda.ma\/fr\/ouverture-de-la-saison-de-chasse-2019-2020\/\">Cliquez ici pour lire l&rsquo;article depuis sa source.<\/a><\/p>\n","protected":false},"excerpt":{"rendered":"<p>Le coup d\u2019envoi officiel de la saison de chasse 2019-2020 au niveau de la r\u00e9gion de l\u2019Oriental a \u00e9t\u00e9 donn\u00e9, dimanche, dans un terrain de chasse situ\u00e9 dans la province de Jerada. Ce lot, d\u2019une superficie de 1.700 ha est amodi\u00e9 \u00e0 l\u2019association Angad pour la chasse, l\u2019une des quatre associations sp\u00e9cialis\u00e9es pr\u00e9sentes sur le [&hellip;]<\/p>\n","protected":false},"author":1788,"featured_media":0,"comment_status":"closed","ping_status":"closed","sticky":false,"template":"","format":"standard","meta":{"fifu_image_url":"","fifu_image_alt":"","footnotes":""},"categories":[54,76],"tags":[],"class_list":["post-63820","post","type-post","status-publish","format-standard","hentry","category-maroc","category-regions"],"_links":{"self":[{"href":"https:\/\/linitiative.ca\/International\/wp-json\/wp\/v2\/posts\/63820","targetHints":{"allow":["GET"]}}],"collection":[{"href":"https:\/\/linitiative.ca\/International\/wp-json\/wp\/v2\/posts"}],"about":[{"href":"https:\/\/linitiative.ca\/International\/wp-json\/wp\/v2\/types\/post"}],"author":[{"embeddable":true,"href":"https:\/\/linitiative.ca\/International\/wp-json\/wp\/v2\/users\/1788"}],"replies":[{"embeddable":true,"href":"https:\/\/linitiative.ca\/International\/wp-json\/wp\/v2\/comments?post=63820"}],"version-history":[{"count":0,"href":"https:\/\/linitiative.ca\/International\/wp-json\/wp\/v2\/posts\/63820\/revisions"}],"wp:attachment":[{"href":"https:\/\/linitiative.ca\/International\/wp-json\/wp\/v2\/media?parent=63820"}],"wp:term":[{"taxonomy":"category","embeddable":true,"href":"https:\/\/linitiative.ca\/International\/wp-json\/wp\/v2\/categories?post=63820"},{"taxonomy":"post_tag","embeddable":true,"href":"https:\/\/linitiative.ca\/International\/wp-json\/wp\/v2\/tags?post=63820"}],"curies":[{"name":"wp","href":"https:\/\/api.w.org\/{rel}","templated":true}]}}